{"@context":"https:\/\/schema.org\/","@type":"CollectionPage","@id":"https:\/\/www.svey.cz\/dum-a-byt\/#CollectionPage","headline":"D\u016fm a byt Category","description":"","url":"https:\/\/www.svey.cz\/dum-a-byt\/","hasPart":[{"@type":"Article","@id":"https:\/\/www.svey.cz\/revoluce-v-bytovem-designu-scandinavian-styl\/","headline":"Revoluce v bytov\u00e9m designu \u2013 Scandinavian styl","url":"https:\/\/www.svey.cz\/revoluce-v-bytovem-designu-scandinavian-styl\/","datePublished":"2024-10-05","dateModified":"2024-10-05","mainEntityOfPage":"https:\/\/www.svey.cz\/revoluce-v-bytovem-designu-scandinavian-styl\/","author":{"@type":"Person","@id":"https:\/\/www.svey.cz\/author\/#Person","name":"svey.cz","url":"https:\/\/www.svey.cz\/author\/","identifier":1,"image":{"@type":"ImageObject","@id":"https:\/\/secure.gravatar.com\/avatar\/0c4621640b5c0734669aeb181ef77969b528487727344f28e734a206566ea0f1?s=96&d=mm&r=g","url":"https:\/\/secure.gravatar.com\/avatar\/0c4621640b5c0734669aeb181ef77969b528487727344f28e734a206566ea0f1?s=96&d=mm&r=g","height":96,"width":96}},"publisher":{"@type":"Organization","name":"svey.cz","logo":{"@type":"ImageObject","@id":"\/logo.png","url":"\/logo.png","width":600,"height":60}},"image":{"@type":"ImageObject","@id":"https:\/\/www.svey.cz\/wp-content\/uploads\/img_a307873_w2418_t1519073794.jpg","url":"https:\/\/www.svey.cz\/wp-content\/uploads\/img_a307873_w2418_t1519073794.jpg","height":0,"width":0},"keywords":null},{"@type":"Article","@id":"https:\/\/www.svey.cz\/jak-se-zbavit-zapachu-v-automaticke-pracce\/","headline":"Jak se zbavit z\u00e1pach\u016f v automatick\u00e9 pra\u010dce?","url":"https:\/\/www.svey.cz\/jak-se-zbavit-zapachu-v-automaticke-pracce\/","datePublished":"2024-10-02","dateModified":"2024-10-02","mainEntityOfPage":"https:\/\/www.svey.cz\/jak-se-zbavit-zapachu-v-automaticke-pracce\/","author":{"@type":"Person","@id":"https:\/\/www.svey.cz\/author\/#Person","name":"svey.cz","url":"https:\/\/www.svey.cz\/author\/","identifier":1,"image":{"@type":"ImageObject","@id":"https:\/\/secure.gravatar.com\/avatar\/0c4621640b5c0734669aeb181ef77969b528487727344f28e734a206566ea0f1?s=96&d=mm&r=g","url":"https:\/\/secure.gravatar.com\/avatar\/0c4621640b5c0734669aeb181ef77969b528487727344f28e734a206566ea0f1?s=96&d=mm&r=g","height":96,"width":96}},"publisher":{"@type":"Organization","name":"svey.cz","logo":{"@type":"ImageObject","@id":"\/logo.png","url":"\/logo.png","width":600,"height":60}},"image":{"@type":"ImageObject","@id":"https:\/\/www.svey.cz\/wp-content\/uploads\/img_a332437_w2418_t1545228477.jpg","url":"https:\/\/www.svey.cz\/wp-content\/uploads\/img_a332437_w2418_t1545228477.jpg","height":0,"width":0},"keywords":null},{"@type":"Article","@id":"https:\/\/www.svey.cz\/nakup-bydleni-za-vyhodnou-cenu\/","headline":"N\u00e1kup bydlen\u00ed za v\u00fdhodnou cenu","url":"https:\/\/www.svey.cz\/nakup-bydleni-za-vyhodnou-cenu\/","datePublished":"2021-07-30","dateModified":"2021-07-30","mainEntityOfPage":"https:\/\/www.svey.cz\/nakup-bydleni-za-vyhodnou-cenu\/","author":{"@type":"Person","@id":"https:\/\/www.svey.cz\/author\/#Person","name":"svey.cz","url":"https:\/\/www.svey.cz\/author\/","identifier":1,"image":{"@type":"ImageObject","@id":"https:\/\/secure.gravatar.com\/avatar\/0c4621640b5c0734669aeb181ef77969b528487727344f28e734a206566ea0f1?s=96&d=mm&r=g","url":"https:\/\/secure.gravatar.com\/avatar\/0c4621640b5c0734669aeb181ef77969b528487727344f28e734a206566ea0f1?s=96&d=mm&r=g","height":96,"width":96}},"publisher":{"@type":"Organization","name":"svey.cz","logo":{"@type":"ImageObject","@id":"\/logo.png","url":"\/logo.png","width":600,"height":60}},"image":{"@type":"ImageObject","@id":"https:\/\/www.svey.cz\/wp-content\/uploads\/vlastn%C3%AD%20nemovitost.jpg","url":"https:\/\/www.svey.cz\/wp-content\/uploads\/vlastn%C3%AD%20nemovitost.jpg","height":0,"width":0},"keywords":null},{"@type":"Article","@id":"https:\/\/www.svey.cz\/bez-zabradli-by-to-neslo\/","headline":"Bez z\u00e1bradl\u00ed by to ne\u0161lo","url":"https:\/\/www.svey.cz\/bez-zabradli-by-to-neslo\/","datePublished":"2019-06-13","dateModified":"2019-06-13","mainEntityOfPage":"https:\/\/www.svey.cz\/bez-zabradli-by-to-neslo\/","author":{"@type":"Person","@id":"https:\/\/www.svey.cz\/author\/#Person","name":"svey.cz","url":"https:\/\/www.svey.cz\/author\/","identifier":1,"image":{"@type":"ImageObject","@id":"https:\/\/secure.gravatar.com\/avatar\/0c4621640b5c0734669aeb181ef77969b528487727344f28e734a206566ea0f1?s=96&d=mm&r=g","url":"https:\/\/secure.gravatar.com\/avatar\/0c4621640b5c0734669aeb181ef77969b528487727344f28e734a206566ea0f1?s=96&d=mm&r=g","height":96,"width":96}},"publisher":{"@type":"Organization","name":"svey.cz","logo":{"@type":"ImageObject","@id":"\/logo.png","url":"\/logo.png","width":600,"height":60}},"image":{"@type":"ImageObject","@id":"https:\/\/www.svey.cz\/wp-content\/uploads\/img_a355802_w1708_t1570446907.jpg","url":"https:\/\/www.svey.cz\/wp-content\/uploads\/img_a355802_w1708_t1570446907.jpg","height":0,"width":0},"keywords":null},{"@type":"Article","@id":"https:\/\/www.svey.cz\/aby-vas-plavani-nestalo-zdravi\/","headline":"Aby v\u00e1s plav\u00e1n\u00ed nest\u00e1lo zdrav\u00ed","url":"https:\/\/www.svey.cz\/aby-vas-plavani-nestalo-zdravi\/","datePublished":"2019-06-08","dateModified":"2019-06-08","mainEntityOfPage":"https:\/\/www.svey.cz\/aby-vas-plavani-nestalo-zdravi\/","author":{"@type":"Person","@id":"https:\/\/www.svey.cz\/author\/#Person","name":"svey.cz","url":"https:\/\/www.svey.cz\/author\/","identifier":1,"image":{"@type":"ImageObject","@id":"https:\/\/secure.gravatar.com\/avatar\/0c4621640b5c0734669aeb181ef77969b528487727344f28e734a206566ea0f1?s=96&d=mm&r=g","url":"https:\/\/secure.gravatar.com\/avatar\/0c4621640b5c0734669aeb181ef77969b528487727344f28e734a206566ea0f1?s=96&d=mm&r=g","height":96,"width":96}},"publisher":{"@type":"Organization","name":"svey.cz","logo":{"@type":"ImageObject","@id":"\/logo.png","url":"\/logo.png","width":600,"height":60}},"image":{"@type":"ImageObject","@id":"https:\/\/www.svey.cz\/wp-content\/uploads\/img_a345977_w2418_t1560004223.jpg","url":"https:\/\/www.svey.cz\/wp-content\/uploads\/img_a345977_w2418_t1560004223.jpg","height":0,"width":0},"keywords":null},{"@type":"Article","@id":"https:\/\/www.svey.cz\/nejkrasnejsi-kuchyne-na-svete\/","headline":"Nejkr\u00e1sn\u011bj\u0161\u00ed kuchyn\u011b na sv\u011bt\u011b","url":"https:\/\/www.svey.cz\/nejkrasnejsi-kuchyne-na-svete\/","datePublished":"2019-03-15","dateModified":"2019-03-15","mainEntityOfPage":"https:\/\/www.svey.cz\/nejkrasnejsi-kuchyne-na-svete\/","author":{"@type":"Person","@id":"https:\/\/www.svey.cz\/author\/#Person","name":"svey.cz","url":"https:\/\/www.svey.cz\/author\/","identifier":1,"image":{"@type":"ImageObject","@id":"https:\/\/secure.gravatar.com\/avatar\/0c4621640b5c0734669aeb181ef77969b528487727344f28e734a206566ea0f1?s=96&d=mm&r=g","url":"https:\/\/secure.gravatar.com\/avatar\/0c4621640b5c0734669aeb181ef77969b528487727344f28e734a206566ea0f1?s=96&d=mm&r=g","height":96,"width":96}},"publisher":{"@type":"Organization","name":"svey.cz","logo":{"@type":"ImageObject","@id":"\/logo.png","url":"\/logo.png","width":600,"height":60}},"image":{"@type":"ImageObject","@id":"https:\/\/www.svey.cz\/wp-content\/uploads\/img_a340106_w2418_t1553176549.jpg","url":"https:\/\/www.svey.cz\/wp-content\/uploads\/img_a340106_w2418_t1553176549.jpg","height":0,"width":0},"keywords":null},{"@type":"Article","@id":"https:\/\/www.svey.cz\/vyuzijte-kazdy-kousek-prostoru-v-interieru\/","headline":"Vyu\u017eijte ka\u017ed\u00fd kousek prostoru v interi\u00e9ru","url":"https:\/\/www.svey.cz\/vyuzijte-kazdy-kousek-prostoru-v-interieru\/","datePublished":"2018-07-20","dateModified":"2018-07-20","mainEntityOfPage":"https:\/\/www.svey.cz\/vyuzijte-kazdy-kousek-prostoru-v-interieru\/","author":{"@type":"Person","@id":"https:\/\/www.svey.cz\/author\/#Person","name":"svey.cz","url":"https:\/\/www.svey.cz\/author\/","identifier":1,"image":{"@type":"ImageObject","@id":"https:\/\/secure.gravatar.com\/avatar\/0c4621640b5c0734669aeb181ef77969b528487727344f28e734a206566ea0f1?s=96&d=mm&r=g","url":"https:\/\/secure.gravatar.com\/avatar\/0c4621640b5c0734669aeb181ef77969b528487727344f28e734a206566ea0f1?s=96&d=mm&r=g","height":96,"width":96}},"publisher":{"@type":"Organization","name":"svey.cz","logo":{"@type":"ImageObject","@id":"\/logo.png","url":"\/logo.png","width":600,"height":60}},"image":{"@type":"ImageObject","@id":"https:\/\/www.svey.cz\/wp-content\/uploads\/img_a320211_w1765_t1531421135.jpg","url":"https:\/\/www.svey.cz\/wp-content\/uploads\/img_a320211_w1765_t1531421135.jpg","height":0,"width":0},"keywords":null}]}