[{"@context":"https:\/\/schema.org\/","@type":"Article","@id":"https:\/\/www.svey.cz\/jste-vybaveni-na-zmenu-pocasi\/#Article","mainEntityOfPage":"https:\/\/www.svey.cz\/jste-vybaveni-na-zmenu-pocasi\/","headline":"Jste vybaveni na zm\u011bnu po\u010das\u00ed?","name":"Jste vybaveni na zm\u011bnu po\u010das\u00ed?","description":"Podzim a zima u\u017e se pomalu bl\u00ed\u017e\u00ed a vzhledem k tomu, \u017ee toto obdob\u00ed s sebou p\u0159in\u00e1\u0161\u00ed mraz\u00edky, sn\u00edh nebo jen ni\u017e\u0161\u00ed teplotn\u00ed zm\u011bny, tak si mus\u00edme obnovit \u0161atn\u00edk tak, abychom byli v\u017edy v teple a aby n\u00e1m bylo dob\u0159e. A nejen n\u00e1m! Cel\u00e1 na\u0161e rodina by m\u011bla b\u00fdt z\u00e1sobena v\u011bcmi, kter\u00e9 na sob\u011b mohou navl\u00e9knout, aby nem\u011bli r\u00fdmu nebo &hellip; ","datePublished":"2022-08-14","dateModified":"2022-08-14","author":{"@type":"Person","@id":"https:\/\/www.svey.cz\/author\/#Person","name":"svey.cz","url":"https:\/\/www.svey.cz\/author\/","identifier":1,"image":{"@type":"ImageObject","@id":"https:\/\/secure.gravatar.com\/avatar\/0c4621640b5c0734669aeb181ef77969b528487727344f28e734a206566ea0f1?s=96&d=mm&r=g","url":"https:\/\/secure.gravatar.com\/avatar\/0c4621640b5c0734669aeb181ef77969b528487727344f28e734a206566ea0f1?s=96&d=mm&r=g","height":96,"width":96}},"publisher":{"@type":"Organization","name":"svey.cz","logo":{"@type":"ImageObject","@id":"\/logo.png","url":"\/logo.png","width":600,"height":60}},"image":{"@type":"ImageObject","@id":"https:\/\/www.svey.cz\/wp-content\/uploads\/baby-g91d99a6c3_640.jpg","url":"https:\/\/www.svey.cz\/wp-content\/uploads\/baby-g91d99a6c3_640.jpg","height":0,"width":0},"url":"https:\/\/www.svey.cz\/jste-vybaveni-na-zmenu-pocasi\/","wordCount":436,"articleBody":"   Podzim a zima u\u017e se pomalu bl\u00ed\u017e\u00ed a vzhledem k tomu, \u017ee toto obdob\u00ed s sebou p\u0159in\u00e1\u0161\u00ed mraz\u00edky, sn\u00edh nebo jen ni\u017e\u0161\u00ed teplotn\u00ed zm\u011bny, tak si mus\u00edme obnovit \u0161atn\u00edk tak, abychom byli v\u017edy v teple a aby n\u00e1m bylo dob\u0159e. A nejen n\u00e1m! Cel\u00e1 na\u0161e rodina by m\u011bla b\u00fdt z\u00e1sobena v\u011bcmi, kter\u00e9 na sob\u011b mohou navl\u00e9knout, aby nem\u011bli r\u00fdmu nebo jin\u00e9 nep\u0159\u00edjemn\u00e9 nachlazen\u00ed. Nepodce\u0148te p\u0159\u00edpravu.V na\u0161em \u0161atn\u00edku by ur\u010dit\u011b nem\u011bli chyb\u011bt p\u0159echodn\u00e9 bundy \u010di zimn\u00ed bundy, mikiny a kardigany Disstyle.cz, term pr\u00e1dlo, poctiv\u011b upleten\u00e9 pono\u017eky, pun\u010doch\u00e1\u010de \u010di podkolenky a p\u0159\u00edpadn\u00e9 h\u0159ejiv\u00e9 deky nap\u0159\u00edklad p\u0159i sledov\u00e1n\u00ed televizn\u00edch po\u0159ad\u016f anebo leno\u0161en\u00ed venku u ohni\u0161t\u011b. P\u0159esv\u011bd\u010dte se sami, zda m\u00e1te na p\u0159ich\u00e1zej\u00edc\u00ed obdob\u00ed ve\u0161ker\u00e9 vybaven\u00ed p\u0159ipraven\u00e9.Pokud podcen\u00edte p\u0159\u00edpravu na podzim a zimu, tak se jist\u011b nevyhnete n\u011bjak\u00e9mu onemocn\u011bn\u00ed anebo epidemii, kter\u00e1 bude p\u0159ech\u00e1zet z jednoho \u010dlena na druh\u00e9ho a utracen\u00ed mnoho pen\u011bz (kord v dne\u0161n\u00ed dob\u011b vysok\u00fdch cen) za p\u0159\u00edpadn\u00e9 l\u00e9ky zm\u00edr\u0148uj\u00edc\u00ed bolest.Jestli\u017ee je V\u00e1\u0161 \u0161atn\u00edk pln\u00fd \u2013 o to l\u00e9pe!D\u011bti n\u00e1m rostou p\u0159ed o\u010dima, a tak je smutnou pravdou, \u017ee jejich \u0161atn\u00edk se mus\u00ed obnovovat \u010dast\u011bji ne\u017e t\u011bch dosp\u011bl\u00fdch. Sice dosp\u011bl\u00ed lid\u00e9 si r\u00e1di kupuj\u00ed nov\u00e9 v\u011bci \u2013 u\u017e jen kv\u016fli tomu, \u017ee nemaj\u00ed r\u00e1di, kdy\u017e nos\u00ed neust\u00e1le to sam\u00e9. U d\u011bt\u00ed jde sp\u00ed\u0161e o to, \u017ee n\u00e1m z toho opravdu vyrostou anebo t\u00edm, kdy\u017e si hraj\u00ed nebo b\u011bhaj\u00ed venku s kamar\u00e1dy, tak p\u0159i r\u016fzn\u00fdch ne\u0161\u0165astn\u00fdch p\u00e1dech si prod\u0159ou kolena nebo omylem \u201eutrhnou\u201c ruk\u00e1v u bundy.Nezapom\u00ednejme ani na po\u0159\u00e1dn\u00e9 boty. V\u017edy vyb\u00edrejte takov\u00e9 boty, kter\u00e9 se V\u00e1m nepromo\u010d\u00ed p\u0159i prvn\u00edm de\u0161ti nebo ch\u016fzi v mokr\u00e9 tr\u00e1v\u011b a nejl\u00e9pe s v\u0161it\u00fdm ko\u017e\u00ed\u0161kem. Nohy budou pak v teple a jak se \u0159\u00edk\u00e1 \u2013 t\u00e9m\u011b\u0159 v\u0161echna nachlazen\u00ed se odr\u00e1\u017eej\u00ed od studen\u00fdch nohou a celkov\u011b od spodu na\u0161eho t\u011bla.Tak\u017ee bu\u010fte p\u0159ipraveni na jak\u00e9koliv po\u010das\u00ed, a hlavn\u011b tak\u00e9 Va\u0161e milovan\u00e9 d\u011bti. Nepromarn\u011bte skv\u011bl\u00e9 ceny, kter\u00e9 \u010dekaj\u00ed pr\u00e1v\u011b na V\u00e1s.                                                                                                                                                                                                                                                                                                                                                                                          4.7\/5 - (4 votes)        "},{"@context":"https:\/\/schema.org\/","@type":"BreadcrumbList","itemListElement":[{"@type":"ListItem","position":1,"name":"Jste vybaveni na zm\u011bnu po\u010das\u00ed?","item":"https:\/\/www.svey.cz\/jste-vybaveni-na-zmenu-pocasi\/#breadcrumbitem"}]}]