[{"@context":"https:\/\/schema.org\/","@type":"Article","@id":"https:\/\/www.svey.cz\/kocarek-krasnal-cti-svuj-nazev\/#Article","mainEntityOfPage":"https:\/\/www.svey.cz\/kocarek-krasnal-cti-svuj-nazev\/","headline":"Ko\u010d\u00e1rek Krasnal ct\u00ed sv\u016fj n\u00e1zev","name":"Ko\u010d\u00e1rek Krasnal ct\u00ed sv\u016fj n\u00e1zev","description":"Jsou kr\u00e1sn\u00e9 Ko\u010d\u00e1rky SeKrasnal Zelen\u00e1 \u017eirafa obhajuj\u00ed sv\u016fj n\u00e1zev a da\u0159\u00ed se jim to. Jsou skute\u010dn\u011b zaj\u00edmav\u00e9 a kr\u00e1sn\u00e9 ji\u017e na prvn\u00ed pohled. Zaujmou v\u00e1s sv\u00fdm obl\u00fdm tvarem, elegantn\u011b koncipovanou nosnou kovovou konstrukc\u00ed, podvozkem, kole\u010dky a mimo jin\u00e9 i pohlednou pastelovou barvou. Pr\u00e1v\u011b barvy se bohu\u017eel z d\u011btsk\u00fdch ko\u010d\u00e1rk\u016f v dne\u0161n\u00ed dob\u011b vytr\u00e1c\u00ed a je dob\u0159e, \u017ee v\u00fdrobce tentokr\u00e1t vsadil &hellip; ","datePublished":"2022-11-05","dateModified":"2022-11-05","author":{"@type":"Person","@id":"https:\/\/www.svey.cz\/author\/#Person","name":"svey.cz","url":"https:\/\/www.svey.cz\/author\/","identifier":1,"image":{"@type":"ImageObject","@id":"https:\/\/secure.gravatar.com\/avatar\/0c4621640b5c0734669aeb181ef77969b528487727344f28e734a206566ea0f1?s=96&d=mm&r=g","url":"https:\/\/secure.gravatar.com\/avatar\/0c4621640b5c0734669aeb181ef77969b528487727344f28e734a206566ea0f1?s=96&d=mm&r=g","height":96,"width":96}},"publisher":{"@type":"Organization","name":"svey.cz","logo":{"@type":"ImageObject","@id":"\/logo.png","url":"\/logo.png","width":600,"height":60}},"image":{"@type":"ImageObject","@id":"https:\/\/www.svey.cz\/wp-content\/uploads\/the-park-2531533_640_2.jpg","url":"https:\/\/www.svey.cz\/wp-content\/uploads\/the-park-2531533_640_2.jpg","height":0,"width":0},"url":"https:\/\/www.svey.cz\/kocarek-krasnal-cti-svuj-nazev\/","about":["Podnik\u00e1n\u00ed"],"wordCount":392,"articleBody":"   Jsou kr\u00e1sn\u00e9Ko\u010d\u00e1rky SeKrasnal Zelen\u00e1 \u017eirafa obhajuj\u00ed sv\u016fj n\u00e1zev a da\u0159\u00ed se jim to. Jsou skute\u010dn\u011b zaj\u00edmav\u00e9 a kr\u00e1sn\u00e9 ji\u017e na prvn\u00ed pohled. Zaujmou v\u00e1s sv\u00fdm obl\u00fdm tvarem, elegantn\u011b koncipovanou nosnou kovovou konstrukc\u00ed, podvozkem, kole\u010dky a mimo jin\u00e9 i pohlednou pastelovou barvou. Pr\u00e1v\u011b barvy se bohu\u017eel z d\u011btsk\u00fdch ko\u010d\u00e1rk\u016f v dne\u0161n\u00ed dob\u011b vytr\u00e1c\u00ed a je dob\u0159e, \u017ee v\u00fdrobce tentokr\u00e1t vsadil na velmi pohledn\u00e9 barevn\u00e9 proveden\u00ed, kter\u00e9 oslov\u00ed nejen maminky, ale pochopiteln\u011b i mal\u00e9 d\u011bti, kter\u00e9 jsou na barvy zvl\u00e1\u0161t\u011b fixovan\u00e9.M\u016f\u017eete vyb\u00edrat mezi blankytn\u011b modrou, hr\u00e1\u0161kov\u011b zelenou, r\u016f\u017eovou a \u010dervenou a inspirovat vhodnou barvou i kolemjdouc\u00ed. Mnoz\u00ed lid\u00e9 se nechaj\u00ed oslovit a mohou pak v pastelov\u00fdch barv\u00e1ch nakupovat nejen ko\u010d\u00e1rky, ale i dal\u0161\u00ed v\u00fdrobky.Jsou praktick\u00e9V\u00fdrobce ko\u010d\u00e1rk\u016f Krasnal nezapomn\u011bl ani na odkl\u00e1dac\u00ed prostor pro n\u00e1kupy a velmi \u0161ikovn\u00e1 kole\u010dka, kter\u00e1 si porad\u00ed i v n\u00e1ro\u010dn\u011bj\u0161\u00edm neupraven\u00e9m ter\u00e9nu, nap\u0159. p\u0159i j\u00edzd\u011b rozkopanou ulic\u00ed nebo na vych\u00e1zce v p\u0159\u00edrod\u011b. Maminky maj\u00ed k dispozici i n\u00e1no\u017en\u00edk, pl\u00e1\u0161t\u011bnku a praktickou ta\u0161ku na plenky. Sou\u010d\u00e1st\u00ed ko\u010d\u00e1rk\u016f Krasnal je i dal\u0161\u00ed p\u0159\u00edslu\u0161enstv\u00ed, kter\u00e9 lze koupit spolu s ko\u010d\u00e1rkem za v\u00fdhodn\u011bj\u0161\u00ed cenu, anebo zcela samostatn\u011b.Co se t\u00fd\u010de samotn\u00fdch model\u016f, v\u00fdrobce uvedl na trh jak verze sportovn\u00ed, tak i verze kombinovan\u00e9, kdy lze klasick\u00fd hlubok\u00fd ko\u010d\u00e1rek doplnit sportovn\u00ed korbou nebo m\u00edt k dispozici i autoseda\u010dku.Obrovskou v\u00fdhodou sportovn\u00edch model\u016f je mo\u017enost ot\u00e1\u010det korbu na ob\u011b strany, tedy tak, aby d\u011bti pozorovaly okol\u00ed p\u0159ed ko\u010d\u00e1rkem, nebo aby byly obli\u010dejem oto\u010den\u00e9 k osob\u011b, kter\u00e1 ko\u010d\u00e1rek tla\u010d\u00ed, co\u017e jim poskytuje v\u00edce osobn\u00edho kontaktu.Jsou robustn\u00edKo\u010d\u00e1rek je stav\u011bn\u00fd pro b\u011b\u017en\u00fd provoz v m\u011bstsk\u00fdch ulic\u00edch i p\u0159i pobytu v p\u0159\u00edrodn\u00edm ter\u00e9nu, zvl\u00e1dne j\u00edzdu po rovin\u011b i v prud\u0161\u00edm svahu a d\u00edky velmi lehk\u00e9mu a z\u00e1rove\u0148 odpru\u017een\u00e9mu r\u00e1mu se d\u011bti uvnit\u0159 nec\u00edt\u00ed jako v tramvaji, kter\u00e1 pr\u00e1v\u011b m\u00edj\u00ed v\u00fdhybku.                                                                                                                                                                                                                                                                                                                                                                                          3\/5 - (1 vote)        "},{"@context":"https:\/\/schema.org\/","@type":"BreadcrumbList","itemListElement":[{"@type":"ListItem","position":1,"name":"Ko\u010d\u00e1rek Krasnal ct\u00ed sv\u016fj n\u00e1zev","item":"https:\/\/www.svey.cz\/kocarek-krasnal-cti-svuj-nazev\/#breadcrumbitem"}]}]