[{"@context":"https:\/\/schema.org\/","@type":"Article","@id":"https:\/\/www.svey.cz\/mame-doma-kralicka-dokazeme-se-o-nej-postarat\/#Article","mainEntityOfPage":"https:\/\/www.svey.cz\/mame-doma-kralicka-dokazeme-se-o-nej-postarat\/","headline":"M\u00e1me doma kr\u00e1l\u00ed\u010dka. Dok\u00e1\u017eeme se o n\u011bj postarat?","name":"M\u00e1me doma kr\u00e1l\u00ed\u010dka. Dok\u00e1\u017eeme se o n\u011bj postarat?","description":"Po\u0159\u00edzen\u00ed a chov dom\u00e1c\u00edho kr\u00e1l\u00edka nen\u00ed v\u016fbec finan\u010dn\u011b n\u00e1ro\u010dn\u00fd. A pro d\u011bti je vhodn\u00fdm d\u00e1rkem, zvl\u00e1\u0161\u0165 v\u00a0dne\u0161n\u00ed p\u0159etechnizovan\u00e9 dob\u011b, kdy jsme na ka\u017ed\u00e9m kroku obklopeni mobiln\u00edmi technologiemi. Dom\u00e1c\u00ed zv\u00ed\u0159ata buduj\u00ed v\u00a0lidech, a p\u0159edev\u0161\u00edm v\u00a0d\u011btech, vztah k\u00a0p\u0159\u00edrod\u011b, k\u00a0\u017eiv\u00fdm tvor\u016fm a k\u00a0\u017eivotn\u00edmu prost\u0159ed\u00ed. Postarat se o kr\u00e1l\u00edka s\u00a0l\u00e1skou nen\u00ed tak obt\u00ed\u017en\u00e9, jak by se mohlo zd\u00e1t. M\u011bli byste pouze zv\u00e1\u017eit, zda si &hellip; ","datePublished":"2024-10-05","dateModified":"2024-10-05","author":{"@type":"Person","@id":"https:\/\/www.svey.cz\/author\/#Person","name":"svey.cz","url":"https:\/\/www.svey.cz\/author\/","identifier":1,"image":{"@type":"ImageObject","@id":"https:\/\/secure.gravatar.com\/avatar\/0c4621640b5c0734669aeb181ef77969b528487727344f28e734a206566ea0f1?s=96&d=mm&r=g","url":"https:\/\/secure.gravatar.com\/avatar\/0c4621640b5c0734669aeb181ef77969b528487727344f28e734a206566ea0f1?s=96&d=mm&r=g","height":96,"width":96}},"publisher":{"@type":"Organization","name":"svey.cz","logo":{"@type":"ImageObject","@id":"\/logo.png","url":"\/logo.png","width":600,"height":60}},"image":{"@type":"ImageObject","@id":"https:\/\/www.svey.cz\/wp-content\/uploads\/img_a307049_w2418_t1518377821.jpg","url":"https:\/\/www.svey.cz\/wp-content\/uploads\/img_a307049_w2418_t1518377821.jpg","height":0,"width":0},"url":"https:\/\/www.svey.cz\/mame-doma-kralicka-dokazeme-se-o-nej-postarat\/","about":["Hobby"],"wordCount":486,"articleBody":"Po\u0159\u00edzen\u00ed a chov dom\u00e1c\u00edho kr\u00e1l\u00edka nen\u00ed v\u016fbec finan\u010dn\u011b n\u00e1ro\u010dn\u00fd. A pro d\u011bti je vhodn\u00fdm d\u00e1rkem, zvl\u00e1\u0161\u0165 v\u00a0dne\u0161n\u00ed p\u0159etechnizovan\u00e9 dob\u011b, kdy jsme na ka\u017ed\u00e9m kroku obklopeni mobiln\u00edmi technologiemi. Dom\u00e1c\u00ed zv\u00ed\u0159ata buduj\u00ed v\u00a0lidech, a p\u0159edev\u0161\u00edm v\u00a0d\u011btech, vztah k\u00a0p\u0159\u00edrod\u011b, k\u00a0\u017eiv\u00fdm tvor\u016fm a k\u00a0\u017eivotn\u00edmu prost\u0159ed\u00ed.Postarat se o kr\u00e1l\u00edka s\u00a0l\u00e1skou nen\u00ed tak obt\u00ed\u017en\u00e9, jak by se mohlo zd\u00e1t. M\u011bli byste pouze zv\u00e1\u017eit, zda si takov\u00e9 zv\u00ed\u0159\u00e1tko po\u0159\u00eddit v\u00a0p\u0159\u00edpad\u011b alergie na zv\u00ed\u0159ec\u00ed srst a seno, kter\u00fdm se kr\u00e1l\u00edci krm\u00ed. Kr\u00e1l\u00edk je tak\u00e9 v\u00edce aktivn\u00ed v\u00a0noci a tehdy m\u016f\u017ee b\u00fdt hlu\u010dn\u011bj\u0161\u00ed, zvl\u00e1\u0161\u0165, je-li um\u00edst\u011bn v\u00a0kovov\u00e9 kleci. N\u011bkdo nesnese pravideln\u00e9 \u010di\u0161t\u011bn\u00ed v\u00fdb\u011bhu od exkrement\u016f a v\u00fdm\u011bnu podest\u00fdlky za novou. P\u0159ece jen je kr\u00e1l\u00edk \u017eiv\u00fd tvor, kter\u00fd vy\u017eaduje ur\u010ditou d\u00e1vku trp\u011blivosti, \u010dasu a na\u0161\u00ed pozornosti.\tKr\u00e1l\u00edk vy\u017eaduje spole\u010dnostRozhodnete-li se p\u0159ece jen takov\u00e9ho mazl\u00ed\u010dka po\u0159\u00eddit, v\u011bzte, \u017ee kr\u00e1l\u00edk je tvor spole\u010densk\u00fd. Nen\u00ed to sice pes, kter\u00fd sv\u00e9ho p\u00e1na poslouch\u00e1 t\u00e9m\u011b\u0159 na slovo, ale pozornost si dok\u00e1\u017ee vy\u017e\u00e1dat. Kr\u00e1l\u00edk by m\u011bl m\u00edt mo\u017enost voln\u00e9ho pohybu, alespo\u0148 po m\u00edstnosti, nem\u011bl by b\u00fdt st\u00e1le uzav\u0159en\u00fd v\u00a0kleci, jak tomu b\u00fdvalo kdysi v\u00a0kr\u00e1l\u00edk\u00e1rn\u00e1ch na\u0161ich prababi\u010dek.K\u00a0chovu v\u00a0bytov\u00fdch podm\u00ednk\u00e1ch po\u0159izujeme plemeno zakrsl\u00e9ho kr\u00e1l\u00edka, nejl\u00e9pe ze specializovan\u00e9ho obchodu, p\u0159\u00edpadn\u011b p\u0159es inzer\u00e1t od zku\u0161en\u00e9ho chovatele. \u010casto se st\u00e1v\u00e1, \u017ee chovatel n\u00e1m p\u0159ed\u00e1 v\u00edce cenn\u00fdch informac\u00ed, ne\u017e prodava\u010d ve zverimexu.\tKr\u00e1l\u00edka m\u016f\u017eete krmit speci\u00e1ln\u00edmi granulemi pro kr\u00e1l\u00edkyKr\u00e1l\u00edka um\u00edst\u00edme do klece, kterou vybav\u00edme nap\u00e1je\u010dkou. Mus\u00ed dost\u00e1vat \u010distou odst\u00e1tou pitnou vodu, nikdy ne miner\u00e1lku a vodu sycenou oxidem uhli\u010dit\u00fdm. Krm\u00edme jej kvalitn\u00edm krmivem, speci\u00e1ln\u011b ur\u010den\u00fdm pro drobn\u00e9 hlodavce a kr\u00e1l\u00edky. Nezapom\u00ednejte, \u017ee nesm\u00edte kr\u00e1l\u00edka nechat dlouho hladov\u011bt. M\u011bl by m\u00edt p\u0159\u00edstup k\u00a0potrav\u011b po cel\u00fd den a dlouhodob\u00e1 hladovka del\u0161\u00ed ne\u017e 24 hodin dokonce kr\u00e1l\u00edka ohro\u017euje na \u017eivot\u011b. Kr\u00e1l\u00edk nesm\u00ed pob\u00fdvat na p\u0159\u00edm\u00e9m slunci a nenech\u00e1vejte ho ani v\u00a0bl\u00edzkosti topn\u00e9ho t\u011blesa nebo radi\u00e1toru. Nem\u011bl by tak\u00e9 b\u00fdt vystaven pr\u016fvanu. Nezapome\u0148te z\u00a0jeho dosahu odstranit v\u0161echny jedovat\u00e9 rostliny.                                                                                                                                                                                                                                                                                                                                                                                        4.6\/5 - (9 votes)        "},{"@context":"https:\/\/schema.org\/","@type":"BreadcrumbList","itemListElement":[{"@type":"ListItem","position":1,"name":"M\u00e1me doma kr\u00e1l\u00ed\u010dka. Dok\u00e1\u017eeme se o n\u011bj postarat?","item":"https:\/\/www.svey.cz\/mame-doma-kralicka-dokazeme-se-o-nej-postarat\/#breadcrumbitem"}]}]