[{"@context":"https:\/\/schema.org\/","@type":"Article","@id":"https:\/\/www.svey.cz\/menopauza-je-tu\/#Article","mainEntityOfPage":"https:\/\/www.svey.cz\/menopauza-je-tu\/","headline":"Menopauza je tu","name":"Menopauza je tu","description":"A je to tu. I v\u00e1s dostihla nep\u0159\u00edjemn\u00e1 hormon\u00e1ln\u00ed zm\u011bna, a sice menopauza? N\u00e1valy horka, podr\u00e1\u017ed\u011bnost, deprese, \u00fanava, bolesti hlavy, pocen\u00ed, inkontinence\u2026 To v\u0161e a mnoho dal\u0161\u00edho v\u00e1s m\u016f\u017ee potkat, a to nen\u00ed nic p\u0159\u00edjemn\u00e9ho. Pokud je to i v\u00e1\u0161 p\u0159\u00edpad, tak byste m\u011bla s t\u011bmito \u017eivot st\u011b\u017euj\u00edc\u00edmi p\u0159\u00edznaky klimakteria co nejd\u0159\u00edve zato\u010dit. Jak zato\u010dit s nep\u0159\u00edjemn\u00fdmi p\u0159\u00edznaky Od nep\u0159\u00edjemn\u00fdch &hellip; ","datePublished":"2024-11-24","dateModified":"2024-11-24","author":{"@type":"Person","@id":"https:\/\/www.svey.cz\/author\/#Person","name":"svey.cz","url":"https:\/\/www.svey.cz\/author\/","identifier":1,"image":{"@type":"ImageObject","@id":"https:\/\/secure.gravatar.com\/avatar\/0c4621640b5c0734669aeb181ef77969b528487727344f28e734a206566ea0f1?s=96&d=mm&r=g","url":"https:\/\/secure.gravatar.com\/avatar\/0c4621640b5c0734669aeb181ef77969b528487727344f28e734a206566ea0f1?s=96&d=mm&r=g","height":96,"width":96}},"publisher":{"@type":"Organization","name":"svey.cz","logo":{"@type":"ImageObject","@id":"\/logo.png","url":"\/logo.png","width":600,"height":60}},"url":"https:\/\/www.svey.cz\/menopauza-je-tu\/","wordCount":177,"articleBody":"A je to tu. I v\u00e1s dostihla nep\u0159\u00edjemn\u00e1 hormon\u00e1ln\u00ed zm\u011bna, a sice menopauza? N\u00e1valy horka, podr\u00e1\u017ed\u011bnost, deprese, \u00fanava, bolesti hlavy, pocen\u00ed, inkontinence\u2026 To v\u0161e a mnoho dal\u0161\u00edho v\u00e1s m\u016f\u017ee potkat, a to nen\u00ed nic p\u0159\u00edjemn\u00e9ho. Pokud je to i v\u00e1\u0161 p\u0159\u00edpad, tak byste m\u011bla s t\u011bmito \u017eivot st\u011b\u017euj\u00edc\u00edmi p\u0159\u00edznaky klimakteria co nejd\u0159\u00edve zato\u010dit.\tJak zato\u010dit s nep\u0159\u00edjemn\u00fdmi p\u0159\u00edznakyOd nep\u0159\u00edjemn\u00fdch p\u0159\u00edznak\u016f v\u00e1m m\u016f\u017ee pomoci n\u00e1\u0161 p\u0159\u00edrodn\u00ed prepar\u00e1t, kter\u00fd je bez vedlej\u0161\u00edch \u00fa\u010dink\u016f. Kone\u010dn\u011b nastane doba, \u017ee se budete c\u00edtit l\u00e9pe po fyzick\u00e9 i psychick\u00e9 str\u00e1nce a budete sn\u00e1z \u010delit hormon\u00e1ln\u00edm v\u00fdkyv\u016fm. A proto nev\u00e1hejte a nez\u00e1vazn\u011b vyzkou\u0161ejte \u00fa\u017easn\u00e9 p\u0159\u00edrodn\u00ed tablety a sama poc\u00edt\u00edte ten rozd\u00edl. P\u0159i nespokojenosti v\u00e1m samoz\u0159ejm\u011b vr\u00e1t\u00edme pen\u00edze. A to u\u017e za to stoj\u00ed, nemysl\u00edte?                                                                                                                                                                                                                                                                                                                                                                                        5\/5 - (2 votes)        "},{"@context":"https:\/\/schema.org\/","@type":"BreadcrumbList","itemListElement":[{"@type":"ListItem","position":1,"name":"Menopauza je tu","item":"https:\/\/www.svey.cz\/menopauza-je-tu\/#breadcrumbitem"}]}]