[{"@context":"https:\/\/schema.org\/","@type":"Article","@id":"https:\/\/www.svey.cz\/mobilni-deti\/#Article","mainEntityOfPage":"https:\/\/www.svey.cz\/mobilni-deti\/","headline":"Mobiln\u00ed d\u011bti","name":"Mobiln\u00ed d\u011bti","description":"A\u0165 u\u017e si to chceme p\u0159iznat nebo ne, dne\u0161n\u00ed doba je ovl\u00e1dan\u00e1 p\u0159enosnou technikou. Nevyjdeme z\u00a0domu bez mobilu, mus\u00edme ho u sebe m\u00edt i za cenu toho, \u017ee se pro n\u011bj vr\u00e1t\u00edme i n\u011bkolik kilometr\u016f. Tohle jsme v\u0161ak my dosp\u011bl\u00fd. Zvykli jsme si za spoustu let, b\u00fdt neust\u00e1le v\u00a0kontaktu s\u00a0okol\u00edm, nav\u00edc p\u0159i dne\u0161n\u00ed technice hlavn\u011b online. Pro\u010d v\u0161ak kaz\u00edme d\u011bti &hellip; ","datePublished":"2024-10-09","dateModified":"2024-10-09","author":{"@type":"Person","@id":"https:\/\/www.svey.cz\/author\/#Person","name":"svey.cz","url":"https:\/\/www.svey.cz\/author\/","identifier":1,"image":{"@type":"ImageObject","@id":"https:\/\/secure.gravatar.com\/avatar\/0c4621640b5c0734669aeb181ef77969b528487727344f28e734a206566ea0f1?s=96&d=mm&r=g","url":"https:\/\/secure.gravatar.com\/avatar\/0c4621640b5c0734669aeb181ef77969b528487727344f28e734a206566ea0f1?s=96&d=mm&r=g","height":96,"width":96}},"publisher":{"@type":"Organization","name":"svey.cz","logo":{"@type":"ImageObject","@id":"\/logo.png","url":"\/logo.png","width":600,"height":60}},"image":{"@type":"ImageObject","@id":"https:\/\/www.svey.cz\/wp-content\/uploads\/img_a329081_w2418_t1541330591.jpg","url":"https:\/\/www.svey.cz\/wp-content\/uploads\/img_a329081_w2418_t1541330591.jpg","height":0,"width":0},"url":"https:\/\/www.svey.cz\/mobilni-deti\/","about":["D\u011bti"],"wordCount":533,"articleBody":"A\u0165 u\u017e si to chceme p\u0159iznat nebo ne, dne\u0161n\u00ed doba je ovl\u00e1dan\u00e1 p\u0159enosnou technikou. Nevyjdeme z\u00a0domu bez mobilu, mus\u00edme ho u sebe m\u00edt i za cenu toho, \u017ee se pro n\u011bj vr\u00e1t\u00edme i n\u011bkolik kilometr\u016f. Tohle jsme v\u0161ak my dosp\u011bl\u00fd. Zvykli jsme si za spoustu let, b\u00fdt neust\u00e1le v\u00a0kontaktu s\u00a0okol\u00edm, nav\u00edc p\u0159i dne\u0161n\u00ed technice hlavn\u011b online. Pro\u010d v\u0161ak kaz\u00edme d\u011bti od mali\u010dka?Vid\u00edm kolem sebe spousty maminek, kter\u00e9 jsou s\u00a0d\u011btmi v\u00a0kav\u00e1rn\u011b a cht\u011bj\u00ed si v\u00a0klidu popov\u00eddat, ale neust\u00e1le je ru\u0161\u00ed jejich ratolesti. Jen z\u00a0toho d\u016fvodu, aby m\u011bly onymatky chv\u00edli ticha pro sebe, vyt\u00e1hnou z\u00a0kabelky telefon, najdou n\u011bjakou poh\u00e1dku a daj\u00ed je t\u011bm k\u0159i\u010d\u00edc\u00edm drobk\u016fm.\u00a0 Dal\u0161\u00ed p\u0159\u00edklad taky jako rodi\u010de ur\u010dit\u011b zn\u00e1te. Pot\u0159ebujete si uva\u0159it, uklidit, vy\u017eehlit pr\u00e1dlo nebo ud\u011blat cokoliv, co v\u00e1s zrovna napadne. (Ano sama m\u00e1m dv\u011b mal\u00e9 d\u011bti a m\u00e1m nervy, kdy\u017e na m\u011b pok\u0159ikuj\u00ed a cht\u011bj\u00ed si hr\u00e1t, kdy\u017e j\u00e1 zrovna myju okna.) Op\u011bt je pro mnoh\u00e9 \u0159e\u0161en\u00edm pustit jim n\u011bjakou p\u00edsni\u010dku, kter\u00e1 v\u00e1m pak hraje v\u00a0hlav\u011b je\u0161t\u011b dal\u0161\u00ed dva dny. Hlavn\u011b \u017ee jsme zvl\u00e1dli ud\u011blat, co jsme cht\u011bli bez zbyte\u010dn\u00fdch stres\u016f. Jsou v\u00e1m tyto situace zn\u00e1m\u00e9? P\u0159ijdou v\u00e1m naprosto v\u00a0po\u0159\u00e1dku? Pokud ano, pro\u010d pak a\u017e potomci odr\u016fstaj\u00ed a cht\u011bj\u00ed \u010d\u00edm d\u00e1l dra\u017e\u0161\u00ed elektroniku, vy jste ti, kte\u0159\u00ed se roz\u010diluj\u00ed, \u017ee si ni\u010deho nev\u00e1\u017e\u00ed a pro\u010d nejdou rad\u011bji n\u011bkam ven mezi kamar\u00e1dy. Ur\u010dit\u011b pou\u017e\u00edv\u00e1te v\u011btu: \u201eMy jsme ve va\u0161ich letech b\u011bhali po\u0159\u00e1d n\u011bkde venku!\u201c \u00a0N\u00e1s v\u0161ak na\u0161i rodi\u010de bavili \u00fapln\u011b jinak.Bohu\u017eel je na\u0161\u00ed chybou, \u017ee se jim pak nechce ven, hr\u00e1t fotbal nebo jezdit na kole. Vedli jsme je od mali\u010dka k\u00a0tomu, \u017ee nejl\u00e9pe se zabav\u00ed doma s\u00a0telefonem.\tJak to co nejv\u00edce omezit?Pokud chcete j\u00edt nap\u0159\u00edklad na k\u00e1vu se zn\u00e1mou, domluvte si hl\u00edd\u00e1n\u00ed, nebo b\u011b\u017ete do n\u011bjak\u00e9ho d\u011btsk\u00e9ho koutku, kde si zahraj\u00ed ti nejmen\u0161\u00ed mezi sebou. Kdy\u017e se chcete pustit do \u00faklidu a jin\u00fdch prac\u00ed \u2013 zapojte je. Bude je to bavit, jsou v\u017edy nad\u0161en\u00e9, p\u0159ipadaj\u00ed si d\u016fle\u017eit\u011b, proto\u017ee jste jim dali d\u016fv\u011bru pro vykon\u00e1v\u00e1n\u00ed tak zodpov\u011bdn\u00e9 pr\u00e1ce, kterou d\u011bl\u00e1v\u00e1te pouze vy. Kdy\u017e ani tohle nezafunguje, vyka\u0161lete se na v\u0161echno, nic v\u00e1m neute\u010de. Vyt\u00e1hn\u011bte hra\u010dky nebo s\u00a0nimi b\u011b\u017ete ven a po\u010dkejte na vhodnou p\u0159\u00edle\u017eitost pro dokon\u010den\u00ed va\u0161\u00ed pl\u00e1novan\u00e9 \u010dinnosti. Jedin\u011b takhle m\u016f\u017eeme alespo\u0148 \u010d\u00e1ste\u010dn\u011b ovlivnit, zda vyrostou z\u00a0budouc\u00ed generace MOBILN\u00cd D\u011aTI nebo ty, kter\u00e9 se budou um\u011bt bavit i mezi sebou.                                                                                                                                                                                                                                                                                                                                                                                        4.2\/5 - (8 votes)        "},{"@context":"https:\/\/schema.org\/","@type":"BreadcrumbList","itemListElement":[{"@type":"ListItem","position":1,"name":"Mobiln\u00ed d\u011bti","item":"https:\/\/www.svey.cz\/mobilni-deti\/#breadcrumbitem"}]}]