[{"@context":"https:\/\/schema.org\/","@type":"Article","@id":"https:\/\/www.svey.cz\/o-znacce-obleceni-vhodneho-do-tepleho-i-chladneho-pocasi-ktera-se-jmenuje-majola\/#Article","mainEntityOfPage":"https:\/\/www.svey.cz\/o-znacce-obleceni-vhodneho-do-tepleho-i-chladneho-pocasi-ktera-se-jmenuje-majola\/","headline":"O zna\u010dce oble\u010den\u00ed vhodn\u00e9ho do tepl\u00e9ho i chladn\u00e9ho po\u010das\u00ed, kter\u00e1 se jmenuje Majola","name":"O zna\u010dce oble\u010den\u00ed vhodn\u00e9ho do tepl\u00e9ho i chladn\u00e9ho po\u010das\u00ed, kter\u00e1 se jmenuje Majola","description":"O zna\u010dce Majola clothes Majola je horsk\u00e1 oblast na pomez\u00ed It\u00e1lie a \u0160v\u00fdcarska. N\u011bkde v t\u011bchto \u010d\u00e1stech se klikat\u00ed Majola Pass kde naraz\u00edte na p\u0159ekr\u00e1snou p\u0159\u00edrodu. A pr\u00e1v\u011b tam se zrodila zna\u010dka oble\u010den\u00ed \u2013 Majola. P\u016fvod zna\u010dky je ale n\u011bmeck\u00fd. Pro tuto zna\u010dku je specifick\u00fd vztah k p\u0159\u00edrod\u011b, tato zna\u010dka si zakl\u00e1d\u00e1 na designu. Je to pom\u011brn\u011b mlad\u00e1 zna\u010dka, kter\u00e1 &hellip; ","datePublished":"2023-03-17","dateModified":"2023-03-17","author":{"@type":"Person","@id":"https:\/\/www.svey.cz\/author\/#Person","name":"svey.cz","url":"https:\/\/www.svey.cz\/author\/","identifier":1,"image":{"@type":"ImageObject","@id":"https:\/\/secure.gravatar.com\/avatar\/0c4621640b5c0734669aeb181ef77969b528487727344f28e734a206566ea0f1?s=96&d=mm&r=g","url":"https:\/\/secure.gravatar.com\/avatar\/0c4621640b5c0734669aeb181ef77969b528487727344f28e734a206566ea0f1?s=96&d=mm&r=g","height":96,"width":96}},"publisher":{"@type":"Organization","name":"svey.cz","logo":{"@type":"ImageObject","@id":"\/logo.png","url":"\/logo.png","width":600,"height":60}},"image":{"@type":"ImageObject","@id":"https:\/\/www.svey.cz\/wp-content\/uploads\/snow-3066167_960_720_1.jpg","url":"https:\/\/www.svey.cz\/wp-content\/uploads\/snow-3066167_960_720_1.jpg","height":0,"width":0},"url":"https:\/\/www.svey.cz\/o-znacce-obleceni-vhodneho-do-tepleho-i-chladneho-pocasi-ktera-se-jmenuje-majola\/","about":["Podnik\u00e1n\u00ed"],"wordCount":421,"articleBody":"       O zna\u010dce Majola clothes Majola je horsk\u00e1 oblast na pomez\u00ed It\u00e1lie a \u0160v\u00fdcarska. N\u011bkde v t\u011bchto \u010d\u00e1stech se klikat\u00ed Majola Pass kde naraz\u00edte na p\u0159ekr\u00e1snou p\u0159\u00edrodu. A pr\u00e1v\u011b tam se zrodila zna\u010dka oble\u010den\u00ed \u2013 Majola. P\u016fvod zna\u010dky je ale n\u011bmeck\u00fd. Pro tuto zna\u010dku je specifick\u00fd vztah k p\u0159\u00edrod\u011b, tato zna\u010dka si zakl\u00e1d\u00e1 na designu. Je to pom\u011brn\u011b mlad\u00e1 zna\u010dka, kter\u00e1 je na trhu zat\u00edm pouh\u00fdch dvan\u00e1ct let. Pro\u010d je tato zna\u010dka tak jedine\u010dn\u00e1 a v\u00fdjime\u010dn\u00e1? P\u0159edev\u0161\u00edm pr\u00e1v\u011b pro sv\u016fj design, je prody\u0161n\u00e1, jako jedna z prvn\u00edch za\u010dala vyu\u017e\u00edvat elastickou vsadku v zadn\u00ed \u010d\u00e1sti kalhot. Ka\u017ed\u00e9 kalhoty maj\u00ed takov\u00fd elastick\u00fd d\u00edl, d\u00edky kter\u00e9mu jsou kalhoty voln\u011bj\u0161\u00ed a mnohem pohodln\u011bj\u0161\u00ed!! I pro \u017eeny je vyu\u017eit voln\u00fd p\u00e1s, kter\u00fd pru\u017e\u00ed. D\u00edky stre\u010dov\u00e9mu materi\u00e1lu, kter\u00fd je velice lehk\u00fd se c\u00edt\u00edte velice dob\u0159e i p\u0159i velk\u00fdch vedrech. \u010c\u00edm jsou specifick\u00e1 tri\u010dka? Maj\u00ed me\u0161ov\u00e9 vsatky d\u00edky kter\u00fdm je tri\u010dko prody\u0161n\u00e9, materi\u00e1l je velmi dobr\u00fd v odvodu potu i odvodu vlhkosti. Nab\u00edz\u00ed n\u011bco zna\u010dka Majola tak\u00e9 do chladn\u00e9ho po\u010das\u00ed? Nab\u00edz\u00ed vesty, v\u011btrovky, zateplen\u00e9 dresy atd. V\u00fdhodou je, \u017ee tato zna\u010dka nab\u00edz\u00ed oble\u010den\u00ed do tepl\u00e9ho po\u010das\u00ed t\u0159eba i do t\u0159iceti p\u011bti stup\u0148\u016f, ale tak\u00e9 do zimy do t\u0159eba m\u00ednus p\u011bti stup\u0148\u016f. Dal\u0161\u00ed v\u00fdhodou je to, \u017ee materi\u00e1l je v\u011btruodoln\u00fd i vod\u011bodoln\u00fd.Co v\u0161echno nab\u00edz\u00edme? Bundy v modr\u00e9, oran\u017eov\u00e9, \u017elut\u00e9 barv\u011b, \u010dern\u00e1 bunda s \u010derven\u00fdma kyti\u010dkami. D\u00e1le nab\u00edz\u00edme n\u00e1t\u011bln\u00edky v barv\u011b \u010dern\u00e9 a modr\u00e9, d\u00e1le kr\u00e1sn\u00e1 tri\u010dka v barv\u011b b\u00edl\u00e9, \u010dern\u00e9, s r\u016fzn\u00fdmi n\u00e1pisy a potisky. Kalhoty v barv\u011b \u2013 \u010dern\u00e9, oran\u017eov\u00e9 i v\u00edce barevn\u00e9, s kyti\u010dkami, tak\u00e9 pono\u017eky s kyti\u010dkami, tak\u00e9 nab\u00edz\u00edme dopl\u0148ky a to \u2013 kr\u00e1sn\u00e9 \u010delenky v barv\u011b modr\u00e9, \u010derven\u00e9 a \u010dern\u00e9. Na cyklistiku nab\u00edz\u00edme r\u016fzn\u00e9 cyklovesty v barv\u011b \u2013 fialov\u00e9, hn\u011bd\u00e9 a \u010dern\u00e9, cyklobunda \u2013 oran\u017eovo-\u010derno-b\u00edl\u00e1, \u0161ediv\u00e1, \u010derven\u00e1, zelen\u00e1, b\u00edl\u00e1, \u017elut\u00e1, r\u016f\u017eov\u00e1 a fialov\u00e1. Tak\u00e9 r\u016fzn\u00e9 cyklodresy a to v barv\u00e1ch- oran\u017eov\u00e1, fialov\u00e1, \u010dern\u00e1, zelen\u00e1, atd.                                                                                                                                                                                                                                                                                                                                                                                          4.1\/5 - (8 votes)        "},{"@context":"https:\/\/schema.org\/","@type":"BreadcrumbList","itemListElement":[{"@type":"ListItem","position":1,"name":"O zna\u010dce oble\u010den\u00ed vhodn\u00e9ho do tepl\u00e9ho i chladn\u00e9ho po\u010das\u00ed, kter\u00e1 se jmenuje Majola","item":"https:\/\/www.svey.cz\/o-znacce-obleceni-vhodneho-do-tepleho-i-chladneho-pocasi-ktera-se-jmenuje-majola\/#breadcrumbitem"}]}]