[{"@context":"https:\/\/schema.org\/","@type":"Article","@id":"https:\/\/www.svey.cz\/pro-koho-jsou-elektromobily-vhodne\/#Article","mainEntityOfPage":"https:\/\/www.svey.cz\/pro-koho-jsou-elektromobily-vhodne\/","headline":"Pro koho jsou elektromobily vhodn\u00e9","name":"Pro koho jsou elektromobily vhodn\u00e9","description":"Jen m\u00e1loco bud\u00ed v\u00a0posledn\u00edch letech takovou kontroverzi jako elektrick\u00e9 automobily. Jedn\u00e1 se o auta, kter\u00e1 nejsou nap\u00e1jena klasick\u00fdmi pohonn\u00fdmi hmotami, n\u00fdbr\u017e elektrickou bateri\u00ed. A\u010dkoliv se nejedn\u00e1 o zcela novou technologii, st\u00e1le v\u016f\u010di nim existuje spousta p\u0159edsudk\u016f a tak\u00e9 ze strany konzervativn\u011bj\u0161\u00ed \u010d\u00e1sti populace i ur\u010dit\u00fd odpor, v\u00a0mnoha p\u0159\u00edpadech opr\u00e1vn\u011bn\u00fd. Jakkoliv jsou toti\u017e v\u00a0posledn\u00edch letech st\u00e1le vylep\u0161ov\u00e1ny, st\u00e1le se nejedn\u00e1 o &hellip; ","datePublished":"2024-09-23","dateModified":"2024-09-23","author":{"@type":"Person","@id":"https:\/\/www.svey.cz\/author\/#Person","name":"svey.cz","url":"https:\/\/www.svey.cz\/author\/","identifier":1,"image":{"@type":"ImageObject","@id":"https:\/\/secure.gravatar.com\/avatar\/0c4621640b5c0734669aeb181ef77969b528487727344f28e734a206566ea0f1?s=96&d=mm&r=g","url":"https:\/\/secure.gravatar.com\/avatar\/0c4621640b5c0734669aeb181ef77969b528487727344f28e734a206566ea0f1?s=96&d=mm&r=g","height":96,"width":96}},"publisher":{"@type":"Organization","name":"svey.cz","logo":{"@type":"ImageObject","@id":"\/logo.png","url":"\/logo.png","width":600,"height":60}},"image":{"@type":"ImageObject","@id":"https:\/\/www.svey.cz\/wp-content\/uploads\/auto4_10_10_10_10_10_10_10_3.jpg","url":"https:\/\/www.svey.cz\/wp-content\/uploads\/auto4_10_10_10_10_10_10_10_3.jpg","height":0,"width":0},"url":"https:\/\/www.svey.cz\/pro-koho-jsou-elektromobily-vhodne\/","about":["Auto moto"],"wordCount":420,"articleBody":"Jen m\u00e1loco bud\u00ed v\u00a0posledn\u00edch letech takovou kontroverzi jako elektrick\u00e9 automobily. Jedn\u00e1 se o auta, kter\u00e1 nejsou nap\u00e1jena klasick\u00fdmi pohonn\u00fdmi hmotami, n\u00fdbr\u017e elektrickou bateri\u00ed. A\u010dkoliv se nejedn\u00e1 o zcela novou technologii, st\u00e1le v\u016f\u010di nim existuje spousta p\u0159edsudk\u016f a tak\u00e9 ze strany konzervativn\u011bj\u0161\u00ed \u010d\u00e1sti populace i ur\u010dit\u00fd odpor, v\u00a0mnoha p\u0159\u00edpadech opr\u00e1vn\u011bn\u00fd. Jakkoliv jsou toti\u017e v\u00a0posledn\u00edch letech st\u00e1le vylep\u0161ov\u00e1ny, st\u00e1le se nejedn\u00e1 o auto pro ka\u017ed\u00e9ho, n\u00fdbr\u017e pro specifickou klientelu. Ne\u017e si jej tedy koup\u00edme nebo jej odsoud\u00edme, m\u011bli bychom se pod\u00edvat, zda pro n\u00e1s je \u010di nen\u00ed tento typ auta vhodn\u00fd.V\u00a0prvn\u00ed \u0159ad\u011b zde m\u00e1me ot\u00e1zku dojezdu. A je pravdou, \u017ee ten je podstatn\u011b ni\u017e\u0161\u00ed ne\u017e u vozidel se spalovac\u00edm motorem. U\u017e to znamen\u00e1, \u017ee se nehod\u00ed pro ty, kte\u0159\u00ed \u010dasto jezd\u00ed dlouh\u00e9 vzd\u00e1lenosti. Tak\u00e9 nen\u00ed vhodn\u00fdm vozidlem pro p\u0159epravn\u00ed spole\u010dnosti, kter\u00e9 voz\u00ed z\u00e1silky \u010dasto i tis\u00edce kilometr\u016f. Je v\u0161ak pravdou, \u017ee v\u011bt\u0161iny lid\u00ed se toto omezen\u00ed v\u00a0podstat\u011b nedotkne. Bu\u010fme realist\u00e9, v\u011bt\u0161inou vyu\u017e\u00edv\u00e1me auto pouze k\u00a0cest\u00e1m do zam\u011bstn\u00e1n\u00ed, na n\u00e1kup a dom\u016f, a to je n\u011bco, co na jedno nabit\u00ed bez probl\u00e9mu zvl\u00e1dneme. Daleko v\u011bt\u0161\u00edm probl\u00e9mem je pro v\u011bt\u0161inu lid\u00ed pr\u00e1v\u011b ono nab\u00edjen\u00ed. Jist\u011b, nen\u00ed to probl\u00e9m, pokud m\u00e1te gar\u00e1\u017e, zvl\u00e1\u0161t\u011b pokud je sou\u010d\u00e1st\u00ed rodinn\u00e9ho domu. Zde v\u00e1m nic nebr\u00e1n\u00ed zastr\u010dit v\u016fz na noc do z\u00e1suvky, a r\u00e1no jej m\u00e1te op\u011bt pln\u011b nabit\u00fd. Co ale d\u011blat, pokud bydl\u00edte v\u00a0panel\u00e1kov\u00e9m byt\u011b a parkujete na venkovn\u00edm parkovi\u0161ti p\u0159ed domem? V\u00a0takov\u00e9m p\u0159\u00edpad\u011b se mus\u00edte spolehnout na ve\u0159ejnou s\u00ed\u0165 nab\u00edjec\u00edch stanic, kter\u00e1 prozat\u00edm nen\u00ed ani zdaleka dostate\u010dn\u011b hust\u00e1. Na druhou stranu pro jeho tich\u00fd provoz a prakticky \u017e\u00e1dn\u00e9 emise se jedn\u00e1 o ide\u00e1ln\u00ed v\u016fz do m\u011bsta. Pr\u00e1v\u011b lid\u00e9, kte\u0159\u00ed bydl\u00ed nap\u0159\u00edklad v\u00a0rodinn\u00e9m dom\u011b na okraji nebo v\u00a0satelitn\u00edm m\u011bste\u010dku a jezd\u00ed do centra za prac\u00ed, si jej pochvaluj\u00ed nejv\u00edce. Pro n\u011b je pr\u00e1v\u011b prozat\u00edm ur\u010den. Ov\u0161em se st\u00e1le pokro\u010dilej\u0161\u00edmi technologiemi je jen ot\u00e1zkou \u010dasu, kdy se jeho vyu\u017eit\u00ed roz\u0161\u00ed\u0159\u00ed.                                                                                                                                                                                                                                                                                                                                                                                        4.2\/5 - (4 votes)        "},{"@context":"https:\/\/schema.org\/","@type":"BreadcrumbList","itemListElement":[{"@type":"ListItem","position":1,"name":"Pro koho jsou elektromobily vhodn\u00e9","item":"https:\/\/www.svey.cz\/pro-koho-jsou-elektromobily-vhodne\/#breadcrumbitem"}]}]