{"@context":"https:\/\/schema.org\/","@type":"CollectionPage","@id":"https:\/\/www.svey.cz\/produkty\/#CollectionPage","headline":"Produkty Category","description":"","url":"https:\/\/www.svey.cz\/produkty\/","hasPart":[{"@type":"Article","@id":"https:\/\/www.svey.cz\/k-cemu-slouzi-trubka-ocelova-silnostenna\/","headline":"K \u010demu slou\u017e\u00ed trubka ocelov\u00e1 silnost\u011bnn\u00e1","url":"https:\/\/www.svey.cz\/k-cemu-slouzi-trubka-ocelova-silnostenna\/","datePublished":"2022-01-21","dateModified":"2022-01-21","mainEntityOfPage":"https:\/\/www.svey.cz\/k-cemu-slouzi-trubka-ocelova-silnostenna\/","author":{"@type":"Person","@id":"https:\/\/www.svey.cz\/author\/#Person","name":"svey.cz","url":"https:\/\/www.svey.cz\/author\/","identifier":1,"image":{"@type":"ImageObject","@id":"https:\/\/secure.gravatar.com\/avatar\/0c4621640b5c0734669aeb181ef77969b528487727344f28e734a206566ea0f1?s=96&d=mm&r=g","url":"https:\/\/secure.gravatar.com\/avatar\/0c4621640b5c0734669aeb181ef77969b528487727344f28e734a206566ea0f1?s=96&d=mm&r=g","height":96,"width":96}},"publisher":{"@type":"Organization","name":"svey.cz","logo":{"@type":"ImageObject","@id":"\/logo.png","url":"\/logo.png","width":600,"height":60}},"image":{"@type":"ImageObject","@id":"https:\/\/www.svey.cz\/wp-content\/uploads\/oceltrubka5.jpg","url":"https:\/\/www.svey.cz\/wp-content\/uploads\/oceltrubka5.jpg","height":0,"width":0},"keywords":null},{"@type":"Article","@id":"https:\/\/www.svey.cz\/sako-nebo-kardigan-ne-vzdy-je-to-jedno\/","headline":"Sako nebo kardigan? Ne v\u017edy je to jedno!","url":"https:\/\/www.svey.cz\/sako-nebo-kardigan-ne-vzdy-je-to-jedno\/","datePublished":"2022-01-15","dateModified":"2022-01-15","mainEntityOfPage":"https:\/\/www.svey.cz\/sako-nebo-kardigan-ne-vzdy-je-to-jedno\/","author":{"@type":"Person","@id":"https:\/\/www.svey.cz\/author\/#Person","name":"svey.cz","url":"https:\/\/www.svey.cz\/author\/","identifier":1,"image":{"@type":"ImageObject","@id":"https:\/\/secure.gravatar.com\/avatar\/0c4621640b5c0734669aeb181ef77969b528487727344f28e734a206566ea0f1?s=96&d=mm&r=g","url":"https:\/\/secure.gravatar.com\/avatar\/0c4621640b5c0734669aeb181ef77969b528487727344f28e734a206566ea0f1?s=96&d=mm&r=g","height":96,"width":96}},"publisher":{"@type":"Organization","name":"svey.cz","logo":{"@type":"ImageObject","@id":"\/logo.png","url":"\/logo.png","width":600,"height":60}},"image":{"@type":"ImageObject","@id":"https:\/\/www.svey.cz\/wp-content\/uploads\/kardigan%20r%C5%AF%C5%BEov%C3%BD.jpg","url":"https:\/\/www.svey.cz\/wp-content\/uploads\/kardigan%20r%C5%AF%C5%BEov%C3%BD.jpg","height":0,"width":0},"keywords":null},{"@type":"Article","@id":"https:\/\/www.svey.cz\/detsky-sedaci-vak\/","headline":"D\u011btsk\u00fd sedac\u00ed vak","url":"https:\/\/www.svey.cz\/detsky-sedaci-vak\/","datePublished":"2021-12-03","dateModified":"2021-12-03","mainEntityOfPage":"https:\/\/www.svey.cz\/detsky-sedaci-vak\/","author":{"@type":"Person","@id":"https:\/\/www.svey.cz\/author\/#Person","name":"svey.cz","url":"https:\/\/www.svey.cz\/author\/","identifier":1,"image":{"@type":"ImageObject","@id":"https:\/\/secure.gravatar.com\/avatar\/0c4621640b5c0734669aeb181ef77969b528487727344f28e734a206566ea0f1?s=96&d=mm&r=g","url":"https:\/\/secure.gravatar.com\/avatar\/0c4621640b5c0734669aeb181ef77969b528487727344f28e734a206566ea0f1?s=96&d=mm&r=g","height":96,"width":96}},"publisher":{"@type":"Organization","name":"svey.cz","logo":{"@type":"ImageObject","@id":"\/logo.png","url":"\/logo.png","width":600,"height":60}},"image":{"@type":"ImageObject","@id":"https:\/\/www.svey.cz\/wp-content\/uploads\/wallpaper-g4ef6cb329_1280.jpg","url":"https:\/\/www.svey.cz\/wp-content\/uploads\/wallpaper-g4ef6cb329_1280.jpg","height":0,"width":0},"keywords":null},{"@type":"Article","@id":"https:\/\/www.svey.cz\/vyroba-a-prodej-razitek\/","headline":"V\u00fdroba a prodej raz\u00edtek","url":"https:\/\/www.svey.cz\/vyroba-a-prodej-razitek\/","datePublished":"2021-11-05","dateModified":"2021-11-05","mainEntityOfPage":"https:\/\/www.svey.cz\/vyroba-a-prodej-razitek\/","author":{"@type":"Person","@id":"https:\/\/www.svey.cz\/author\/#Person","name":"svey.cz","url":"https:\/\/www.svey.cz\/author\/","identifier":1,"image":{"@type":"ImageObject","@id":"https:\/\/secure.gravatar.com\/avatar\/0c4621640b5c0734669aeb181ef77969b528487727344f28e734a206566ea0f1?s=96&d=mm&r=g","url":"https:\/\/secure.gravatar.com\/avatar\/0c4621640b5c0734669aeb181ef77969b528487727344f28e734a206566ea0f1?s=96&d=mm&r=g","height":96,"width":96}},"publisher":{"@type":"Organization","name":"svey.cz","logo":{"@type":"ImageObject","@id":"\/logo.png","url":"\/logo.png","width":600,"height":60}},"image":{"@type":"ImageObject","@id":"https:\/\/www.svey.cz\/wp-content\/uploads\/no-g2f6f89a3d_1920.jpg","url":"https:\/\/www.svey.cz\/wp-content\/uploads\/no-g2f6f89a3d_1920.jpg","height":0,"width":0},"keywords":null},{"@type":"Article","@id":"https:\/\/www.svey.cz\/co-najdete-v-rakytnikovem-sirupu\/","headline":"Co najdete v rakytn\u00edkov\u00e9m sirupu","url":"https:\/\/www.svey.cz\/co-najdete-v-rakytnikovem-sirupu\/","datePublished":"2021-10-25","dateModified":"2021-10-25","mainEntityOfPage":"https:\/\/www.svey.cz\/co-najdete-v-rakytnikovem-sirupu\/","author":{"@type":"Person","@id":"https:\/\/www.svey.cz\/author\/#Person","name":"svey.cz","url":"https:\/\/www.svey.cz\/author\/","identifier":1,"image":{"@type":"ImageObject","@id":"https:\/\/secure.gravatar.com\/avatar\/0c4621640b5c0734669aeb181ef77969b528487727344f28e734a206566ea0f1?s=96&d=mm&r=g","url":"https:\/\/secure.gravatar.com\/avatar\/0c4621640b5c0734669aeb181ef77969b528487727344f28e734a206566ea0f1?s=96&d=mm&r=g","height":96,"width":96}},"publisher":{"@type":"Organization","name":"svey.cz","logo":{"@type":"ImageObject","@id":"\/logo.png","url":"\/logo.png","width":600,"height":60}},"image":{"@type":"ImageObject","@id":"https:\/\/www.svey.cz\/wp-content\/uploads\/sea-buckthorn-g32dcbec7a_640.jpg","url":"https:\/\/www.svey.cz\/wp-content\/uploads\/sea-buckthorn-g32dcbec7a_640.jpg","height":0,"width":0},"keywords":null},{"@type":"Article","@id":"https:\/\/www.svey.cz\/sperky-s-kameny-mohou-pusobit-elegantne-klasicky-i-moderne\/","headline":"\u0160perky s kameny mohou p\u016fsobit elegantn\u011b, klasicky i modern\u011b","url":"https:\/\/www.svey.cz\/sperky-s-kameny-mohou-pusobit-elegantne-klasicky-i-moderne\/","datePublished":"2021-10-19","dateModified":"2021-10-19","mainEntityOfPage":"https:\/\/www.svey.cz\/sperky-s-kameny-mohou-pusobit-elegantne-klasicky-i-moderne\/","author":{"@type":"Person","@id":"https:\/\/www.svey.cz\/author\/#Person","name":"svey.cz","url":"https:\/\/www.svey.cz\/author\/","identifier":1,"image":{"@type":"ImageObject","@id":"https:\/\/secure.gravatar.com\/avatar\/0c4621640b5c0734669aeb181ef77969b528487727344f28e734a206566ea0f1?s=96&d=mm&r=g","url":"https:\/\/secure.gravatar.com\/avatar\/0c4621640b5c0734669aeb181ef77969b528487727344f28e734a206566ea0f1?s=96&d=mm&r=g","height":96,"width":96}},"publisher":{"@type":"Organization","name":"svey.cz","logo":{"@type":"ImageObject","@id":"\/logo.png","url":"\/logo.png","width":600,"height":60}},"image":{"@type":"ImageObject","@id":"https:\/\/www.svey.cz\/wp-content\/uploads\/ring-g37ea81f84_1920.jpg","url":"https:\/\/www.svey.cz\/wp-content\/uploads\/ring-g37ea81f84_1920.jpg","height":0,"width":0},"keywords":null},{"@type":"Article","@id":"https:\/\/www.svey.cz\/k-cemu-nam-muze-slouzit-teplomer-do-bazenu\/","headline":"K \u010demu n\u00e1m m\u016f\u017ee slou\u017eit teplom\u011br do baz\u00e9nu?","url":"https:\/\/www.svey.cz\/k-cemu-nam-muze-slouzit-teplomer-do-bazenu\/","datePublished":"2021-10-08","dateModified":"2021-10-08","mainEntityOfPage":"https:\/\/www.svey.cz\/k-cemu-nam-muze-slouzit-teplomer-do-bazenu\/","author":{"@type":"Person","@id":"https:\/\/www.svey.cz\/author\/#Person","name":"svey.cz","url":"https:\/\/www.svey.cz\/author\/","identifier":1,"image":{"@type":"ImageObject","@id":"https:\/\/secure.gravatar.com\/avatar\/0c4621640b5c0734669aeb181ef77969b528487727344f28e734a206566ea0f1?s=96&d=mm&r=g","url":"https:\/\/secure.gravatar.com\/avatar\/0c4621640b5c0734669aeb181ef77969b528487727344f28e734a206566ea0f1?s=96&d=mm&r=g","height":96,"width":96}},"publisher":{"@type":"Organization","name":"svey.cz","logo":{"@type":"ImageObject","@id":"\/logo.png","url":"\/logo.png","width":600,"height":60}},"image":{"@type":"ImageObject","@id":"https:\/\/www.svey.cz\/wp-content\/uploads\/bazen2_10_10_9.jpg","url":"https:\/\/www.svey.cz\/wp-content\/uploads\/bazen2_10_10_9.jpg","height":0,"width":0},"keywords":null},{"@type":"Article","@id":"https:\/\/www.svey.cz\/kalkulacka-vypocet-ciste-mzdy\/","headline":"Kalkula\u010dka v\u00fdpo\u010det \u010dist\u00e9 mzdy","url":"https:\/\/www.svey.cz\/kalkulacka-vypocet-ciste-mzdy\/","datePublished":"2021-10-07","dateModified":"2021-10-07","mainEntityOfPage":"https:\/\/www.svey.cz\/kalkulacka-vypocet-ciste-mzdy\/","author":{"@type":"Person","@id":"https:\/\/www.svey.cz\/author\/#Person","name":"svey.cz","url":"https:\/\/www.svey.cz\/author\/","identifier":1,"image":{"@type":"ImageObject","@id":"https:\/\/secure.gravatar.com\/avatar\/0c4621640b5c0734669aeb181ef77969b528487727344f28e734a206566ea0f1?s=96&d=mm&r=g","url":"https:\/\/secure.gravatar.com\/avatar\/0c4621640b5c0734669aeb181ef77969b528487727344f28e734a206566ea0f1?s=96&d=mm&r=g","height":96,"width":96}},"publisher":{"@type":"Organization","name":"svey.cz","logo":{"@type":"ImageObject","@id":"\/logo.png","url":"\/logo.png","width":600,"height":60}},"image":{"@type":"ImageObject","@id":"https:\/\/www.svey.cz\/wp-content\/uploads\/piggy-bank-g1d9fdee16_640.jpg","url":"https:\/\/www.svey.cz\/wp-content\/uploads\/piggy-bank-g1d9fdee16_640.jpg","height":0,"width":0},"keywords":null},{"@type":"Article","@id":"https:\/\/www.svey.cz\/dlazba-ktera-odola-vsem-rozmaru-pocasi\/","headline":"Dla\u017eba, kter\u00e1 odol\u00e1 v\u0161em rozmar\u016f po\u010das\u00ed","url":"https:\/\/www.svey.cz\/dlazba-ktera-odola-vsem-rozmaru-pocasi\/","datePublished":"2021-07-06","dateModified":"2021-07-06","mainEntityOfPage":"https:\/\/www.svey.cz\/dlazba-ktera-odola-vsem-rozmaru-pocasi\/","author":{"@type":"Person","@id":"https:\/\/www.svey.cz\/author\/#Person","name":"svey.cz","url":"https:\/\/www.svey.cz\/author\/","identifier":1,"image":{"@type":"ImageObject","@id":"https:\/\/secure.gravatar.com\/avatar\/0c4621640b5c0734669aeb181ef77969b528487727344f28e734a206566ea0f1?s=96&d=mm&r=g","url":"https:\/\/secure.gravatar.com\/avatar\/0c4621640b5c0734669aeb181ef77969b528487727344f28e734a206566ea0f1?s=96&d=mm&r=g","height":96,"width":96}},"publisher":{"@type":"Organization","name":"svey.cz","logo":{"@type":"ImageObject","@id":"\/logo.png","url":"\/logo.png","width":600,"height":60}},"image":{"@type":"ImageObject","@id":"https:\/\/www.svey.cz\/wp-content\/uploads\/z%C3%A1mkov%C3%A1%20dla%C5%BEba.jpg","url":"https:\/\/www.svey.cz\/wp-content\/uploads\/z%C3%A1mkov%C3%A1%20dla%C5%BEba.jpg","height":0,"width":0},"keywords":null},{"@type":"Article","@id":"https:\/\/www.svey.cz\/jake-vlastnosti-maji-pvc-dvere-vsetin-a-kdy-se-vyplati-pvc-dvere-vsetin-pouzit\/","headline":"Jak\u00e9 vlastnosti maj\u00ed PVC dve\u0159e Vset\u00edn? A kdy se vyplat\u00ed PVC dve\u0159e Vset\u00edn pou\u017e\u00edt?","url":"https:\/\/www.svey.cz\/jake-vlastnosti-maji-pvc-dvere-vsetin-a-kdy-se-vyplati-pvc-dvere-vsetin-pouzit\/","datePublished":"2021-06-23","dateModified":"2021-06-23","mainEntityOfPage":"https:\/\/www.svey.cz\/jake-vlastnosti-maji-pvc-dvere-vsetin-a-kdy-se-vyplati-pvc-dvere-vsetin-pouzit\/","author":{"@type":"Person","@id":"https:\/\/www.svey.cz\/author\/#Person","name":"svey.cz","url":"https:\/\/www.svey.cz\/author\/","identifier":1,"image":{"@type":"ImageObject","@id":"https:\/\/secure.gravatar.com\/avatar\/0c4621640b5c0734669aeb181ef77969b528487727344f28e734a206566ea0f1?s=96&d=mm&r=g","url":"https:\/\/secure.gravatar.com\/avatar\/0c4621640b5c0734669aeb181ef77969b528487727344f28e734a206566ea0f1?s=96&d=mm&r=g","height":96,"width":96}},"publisher":{"@type":"Organization","name":"svey.cz","logo":{"@type":"ImageObject","@id":"\/logo.png","url":"\/logo.png","width":600,"height":60}},"image":{"@type":"ImageObject","@id":"https:\/\/www.svey.cz\/wp-content\/uploads\/%C5%99ady%20plastov%C3%BDch%20bytov%C3%BDch%20dve%C5%99%C3%AD_pcDFtf.jpg","url":"https:\/\/www.svey.cz\/wp-content\/uploads\/%C5%99ady%20plastov%C3%BDch%20bytov%C3%BDch%20dve%C5%99%C3%AD_pcDFtf.jpg","height":0,"width":0},"keywords":null}]}