[{"@context":"https:\/\/schema.org\/","@type":"Article","@id":"https:\/\/www.svey.cz\/sako-nebo-kardigan-ne-vzdy-je-to-jedno\/#Article","mainEntityOfPage":"https:\/\/www.svey.cz\/sako-nebo-kardigan-ne-vzdy-je-to-jedno\/","headline":"Sako nebo kardigan? Ne v\u017edy je to jedno!","name":"Sako nebo kardigan? Ne v\u017edy je to jedno!","description":"Jsou pry\u010d doby, kdy se ke v\u0161emu nosila, dnes u\u017e nemodern\u00ed, bolerka. Postupn\u011b je nahradila le\u017e\u00e9rn\u00ed saka, pon\u010da, p\u0159ehozy a dnes velmi obl\u00edben\u00e9 kardigany. V\u0161echny tyto kousky skv\u011ble dopln\u00ed ka\u017ed\u00fd outfit a dodaj\u00ed mu pot\u0159ebnou faz\u00f3nu. Kdy ale zvolit jak\u00fd kousek? Hlavn\u00ed rozd\u00edl mezi sakem a kardiganem je v tom, \u017ee sako je mnohem v\u00edce foremn\u00e9, m\u00e1 n\u011bjak\u00fd tvar a &hellip; ","datePublished":"2022-01-15","dateModified":"2022-01-15","author":{"@type":"Person","@id":"https:\/\/www.svey.cz\/author\/#Person","name":"svey.cz","url":"https:\/\/www.svey.cz\/author\/","identifier":1,"image":{"@type":"ImageObject","@id":"https:\/\/secure.gravatar.com\/avatar\/0c4621640b5c0734669aeb181ef77969b528487727344f28e734a206566ea0f1?s=96&d=mm&r=g","url":"https:\/\/secure.gravatar.com\/avatar\/0c4621640b5c0734669aeb181ef77969b528487727344f28e734a206566ea0f1?s=96&d=mm&r=g","height":96,"width":96}},"publisher":{"@type":"Organization","name":"svey.cz","logo":{"@type":"ImageObject","@id":"\/logo.png","url":"\/logo.png","width":600,"height":60}},"image":{"@type":"ImageObject","@id":"https:\/\/www.svey.cz\/wp-content\/uploads\/kardigan%20r%C5%AF%C5%BEov%C3%BD.jpg","url":"https:\/\/www.svey.cz\/wp-content\/uploads\/kardigan%20r%C5%AF%C5%BEov%C3%BD.jpg","height":0,"width":0},"url":"https:\/\/www.svey.cz\/sako-nebo-kardigan-ne-vzdy-je-to-jedno\/","about":["Produkty"],"wordCount":454,"articleBody":"        Jsou pry\u010d doby, kdy se ke v\u0161emu nosila, dnes u\u017e nemodern\u00ed, bolerka. Postupn\u011b je nahradila le\u017e\u00e9rn\u00ed saka, pon\u010da, p\u0159ehozy a dnes velmi obl\u00edben\u00e9 kardigany. V\u0161echny tyto kousky skv\u011ble dopln\u00ed ka\u017ed\u00fd outfit a dodaj\u00ed mu pot\u0159ebnou faz\u00f3nu. Kdy ale zvolit jak\u00fd kousek? Hlavn\u00ed rozd\u00edl mezi sakem a kardiganem je v tom, \u017ee sako je mnohem v\u00edce foremn\u00e9, m\u00e1 n\u011bjak\u00fd tvar a v\u011bt\u0161inou jde zapnout. Oproti tomu kardigan je otev\u0159en\u00fd svetr, m\u00e1 v\u011bt\u0161inou del\u0161\u00ed d\u00e9lku a v\u011bt\u0161inou jsou pohodln\u011bj\u0161\u00ed. Saka i kardigany dnes u\u017e po\u0159\u00edd\u00edte jak v d\u00e1msk\u00fdch, tak v p\u00e1nsk\u00fdch proveden\u00edch. Nav\u00edc si je v\u0161ichni obl\u00edbili a v\u0161em slu\u0161\u00ed, sta\u010d\u00ed vybrat spr\u00e1vn\u00fd st\u0159ih a barvu. Kdy v\u0161ak zvolit jedno nebo druh\u00e9?Sako je m\u00f3dn\u00ed trend, kter\u00fd snad je\u0161t\u011b nevy\u0161el z m\u00f3dy. M\u011blo by b\u00fdt snad v ka\u017ed\u00e9m \u0161atn\u00edku, proto\u017ee jsou d\u00e1vno pry\u010d doby, kdy sako nosili jen mu\u017ei na spole\u010densk\u00e9 ud\u00e1losti a \u017eeny na mana\u017eersk\u00fdch pozic\u00edch do pr\u00e1ce. Dnes u\u017e se sako d\u00e1 nosit t\u00e9m\u011b\u0159 ke v\u0161em p\u0159\u00edle\u017eitostem, z ka\u017ed\u00e9ho outfitu dok\u00e1\u017ee ud\u011blat form\u00e1ln\u00ed od\u011bv, kter\u00fd se hod\u00ed do pr\u00e1ce, na sch\u016fzku nebo rande. V barevnosti, knofl\u00edc\u00edch i v d\u00e9lce ruk\u00e1vu se meze nekladou. Nav\u00edc, pokud se zvol\u00ed spr\u00e1vn\u00e1 velikost, tak lichot\u00ed ka\u017ed\u00e9 postav\u011b. Kardigan je oproti saku v\u00edce le\u017e\u00e9rn\u00ed. Oproti sak\u016fm jsou del\u0161\u00ed, pleten\u00e9 a velmi pohodln\u00e9. D\u00e1msk\u00e9 kardigany https:\/\/www.mlada-moda.cz\/damska-moda\/kardigany, ale i p\u00e1nsk\u00e9 v\u011bt\u0161inou nemaj\u00ed l\u00edmec, kon\u010d\u00ed v\u011bt\u0161inou v polovin\u011b stehen, ale m\u016f\u017ee b\u00fdt i po kotn\u00edky a obl\u00e9kaj\u00ed se na tri\u010dka, ko\u0161ile nebo i svetry. M\u016f\u017ee m\u00edt hlubok\u00e9 kapsy, je tepl\u00fd a d\u00e1 se nosit b\u011bhem cel\u00e9ho roku. Vyr\u00e1b\u00ed se v r\u016fzn\u00fdch barv\u00e1ch, vzorech i materi\u00e1lech a je jen na v\u00e1s, kter\u00fd se v\u00e1m l\u00edb\u00ed a bude se k v\u00e1m hodit. Kardigan je v\u00fdborn\u00fd pomocn\u00edk v zim\u011b a na podzim, m\u016f\u017eete ho nosit prakticky ke v\u0161emu, v\u00edce ho v\u0161ak u\u017eijete v neform\u00e1ln\u00edch situac\u00edch.Kardigan ani sako by nem\u011blo chyb\u011bt ve va\u0161em \u0161atn\u00edku, a\u0165 u\u017e v p\u00e1nsk\u00e9m nebo d\u00e1msk\u00e9m. Tak\u017ee pokud je\u0161t\u011b \u017e\u00e1dn\u00fd z t\u011bchto kousk\u016f nem\u00e1te, je na \u010dase ho po\u0159\u00eddit!                                                                                                                                                                                                                                                                                                                                                                                          3.6\/5 - (11 votes)        "},{"@context":"https:\/\/schema.org\/","@type":"BreadcrumbList","itemListElement":[{"@type":"ListItem","position":1,"name":"Sako nebo kardigan? Ne v\u017edy je to jedno!","item":"https:\/\/www.svey.cz\/sako-nebo-kardigan-ne-vzdy-je-to-jedno\/#breadcrumbitem"}]}]