[{"@context":"https:\/\/schema.org\/","@type":"Article","@id":"https:\/\/www.svey.cz\/starosti-hodte-za-hlavu\/#Article","mainEntityOfPage":"https:\/\/www.svey.cz\/starosti-hodte-za-hlavu\/","headline":"Starosti ho\u010fte za hlavu","name":"Starosti ho\u010fte za hlavu","description":"Rozhodli jste se pro koupi nov\u00e9ho automobilu, ale nejste si jisti, zda V\u00e1m n\u011bkdo dok\u00e1\u017ee spr\u00e1vn\u011b poradit? Na\u0161i odborn\u00edci jsou pe\u010dliv\u011b vy\u0161kolen\u00ed a p\u0159ipraven\u00ed na ka\u017edou problematiku. Vy\u0159e\u0161\u00ed i ty nejzapeklit\u011bj\u0161\u00ed probl\u00e9my a s \u00fasm\u011bvem ve tv\u00e1\u0159i za V\u00e1s vy\u0159\u00edd\u00ed v\u0161e, co bude pot\u0159eba. O \u010dem, \u017ee je to \u0159e\u010d? O prodejci model\u016f Volkswagenu, Audi a Volkswagen u\u017eitkov\u00e9 vozy. Pot\u0159ebujete &hellip; ","datePublished":"2024-12-05","dateModified":"2024-12-05","author":{"@type":"Person","@id":"https:\/\/www.svey.cz\/author\/#Person","name":"svey.cz","url":"https:\/\/www.svey.cz\/author\/","identifier":1,"image":{"@type":"ImageObject","@id":"https:\/\/secure.gravatar.com\/avatar\/0c4621640b5c0734669aeb181ef77969b528487727344f28e734a206566ea0f1?s=96&d=mm&r=g","url":"https:\/\/secure.gravatar.com\/avatar\/0c4621640b5c0734669aeb181ef77969b528487727344f28e734a206566ea0f1?s=96&d=mm&r=g","height":96,"width":96}},"publisher":{"@type":"Organization","name":"svey.cz","logo":{"@type":"ImageObject","@id":"\/logo.png","url":"\/logo.png","width":600,"height":60}},"url":"https:\/\/www.svey.cz\/starosti-hodte-za-hlavu\/","wordCount":178,"articleBody":" Rozhodli jste se pro koupi nov\u00e9ho automobilu, ale nejste si jisti, zda V\u00e1m n\u011bkdo dok\u00e1\u017ee spr\u00e1vn\u011b poradit? Na\u0161i odborn\u00edci jsou pe\u010dliv\u011b vy\u0161kolen\u00ed a p\u0159ipraven\u00ed na ka\u017edou problematiku. Vy\u0159e\u0161\u00ed i ty nejzapeklit\u011bj\u0161\u00ed probl\u00e9my a s \u00fasm\u011bvem ve tv\u00e1\u0159i za V\u00e1s vy\u0159\u00edd\u00ed v\u0161e, co bude pot\u0159eba. O \u010dem, \u017ee je to \u0159e\u010d? O prodejci model\u016f Volkswagenu, Audi a Volkswagen u\u017eitkov\u00e9 vozy. Pot\u0159ebujete n\u011bco speci\u00e1ln\u00edho? My to pro V\u00e1s m\u00e1me. Jsme tu pro to, abychom pro V\u00e1s ud\u011blali n\u011bco nezapomenuteln\u00e9ho, n\u011bco o \u010dem ka\u017ed\u00fd bude \u0159\u00edkat, \u017ee to chce m\u00edt taky. Na\u0161e automobily jsou t\u00edm nejlep\u0161\u00edm na trhu. M\u00e1me na v\u00fdb\u011br z mnoha variant, a\u0165 u\u017e pot\u0159ebujete auto mal\u00e9 a nen\u00e1padn\u00e9, nebo naopak prostorn\u00e9 a praktick\u00e9. U n\u00e1s najdete kvalitu, bezpe\u010dnost a p\u0159edev\u0161\u00edm ochotu V\u00e1m pomoci za\u010d\u00edt n\u011bco nov\u00e9ho.                                                                                                                                                                                                                                                                                                                                                                                        4.5\/5 - (2 votes)        "},{"@context":"https:\/\/schema.org\/","@type":"BreadcrumbList","itemListElement":[{"@type":"ListItem","position":1,"name":"Starosti ho\u010fte za hlavu","item":"https:\/\/www.svey.cz\/starosti-hodte-za-hlavu\/#breadcrumbitem"}]}]