[{"@context":"https:\/\/schema.org\/","@type":"Article","@id":"https:\/\/www.svey.cz\/vyroba-a-prodej-razitek\/#Article","mainEntityOfPage":"https:\/\/www.svey.cz\/vyroba-a-prodej-razitek\/","headline":"V\u00fdroba a prodej raz\u00edtek","name":"V\u00fdroba a prodej raz\u00edtek","description":"Raz\u00edtka jsou velice d\u016fle\u017eit\u00e9 v ka\u017ed\u00e9 pr\u00e1ci, kde d\u011bl\u00e1te v kancel\u00e1\u0159i. D\u00edky raz\u00edtk\u016fm si \u010dlov\u011bk u\u0161et\u0159\u00ed pr\u00e1ci a tak\u00e9 \u010das. Raz\u00edtka jsou tu u\u017e od nepam\u011bti a m\u011bly velk\u00fd v\u00fdznam. I proto se dochovali dodnes a vyu\u017e\u00edvaj\u00ed se snad v ka\u017ed\u00e9m oboru. A\u0165 u\u017e to jsou raz\u00edtka \u0161koln\u00ed, kancel\u00e1\u0159sk\u00e1, \u010di d\u0159ev\u011bn\u00e1. Ov\u0161em pokud pracujete v kancel\u00e1\u0159i, kde V\u00e1m neust\u00e1le raz\u00edtka &hellip; ","datePublished":"2021-11-05","dateModified":"2021-11-05","author":{"@type":"Person","@id":"https:\/\/www.svey.cz\/author\/#Person","name":"svey.cz","url":"https:\/\/www.svey.cz\/author\/","identifier":1,"image":{"@type":"ImageObject","@id":"https:\/\/secure.gravatar.com\/avatar\/0c4621640b5c0734669aeb181ef77969b528487727344f28e734a206566ea0f1?s=96&d=mm&r=g","url":"https:\/\/secure.gravatar.com\/avatar\/0c4621640b5c0734669aeb181ef77969b528487727344f28e734a206566ea0f1?s=96&d=mm&r=g","height":96,"width":96}},"publisher":{"@type":"Organization","name":"svey.cz","logo":{"@type":"ImageObject","@id":"\/logo.png","url":"\/logo.png","width":600,"height":60}},"image":{"@type":"ImageObject","@id":"https:\/\/www.svey.cz\/wp-content\/uploads\/no-g2f6f89a3d_1920.jpg","url":"https:\/\/www.svey.cz\/wp-content\/uploads\/no-g2f6f89a3d_1920.jpg","height":0,"width":0},"url":"https:\/\/www.svey.cz\/vyroba-a-prodej-razitek\/","about":["Produkty"],"wordCount":423,"articleBody":"      Raz\u00edtka jsou velice d\u016fle\u017eit\u00e9 v ka\u017ed\u00e9 pr\u00e1ci, kde d\u011bl\u00e1te v kancel\u00e1\u0159i. D\u00edky raz\u00edtk\u016fm si \u010dlov\u011bk u\u0161et\u0159\u00ed pr\u00e1ci a tak\u00e9 \u010das. Raz\u00edtka jsou tu u\u017e od nepam\u011bti a m\u011bly velk\u00fd v\u00fdznam. I proto se dochovali dodnes a vyu\u017e\u00edvaj\u00ed se snad v ka\u017ed\u00e9m oboru. A\u0165 u\u017e to jsou raz\u00edtka \u0161koln\u00ed, kancel\u00e1\u0159sk\u00e1, \u010di d\u0159ev\u011bn\u00e1. Ov\u0161em pokud pracujete v kancel\u00e1\u0159i, kde V\u00e1m neust\u00e1le raz\u00edtka berou, tak jde o probl\u00e9m. V takov\u00e9m p\u0159\u00edpad\u011b je nejlep\u0161\u00ed volbou si objednat raz\u00edtka nov\u00e1 a v\u011b\u010dn\u011b neupozor\u0148ovat kolegy, a\u0165 je vracej\u00ed.Raz\u00edtka Praha Razitka, je osv\u011bd\u010den\u00e1 spole\u010dnost, kter\u00e1 vyr\u00e1b\u00ed raz\u00edtka u\u017e mnoho let. D\u00edky t\u00e9to dlouholet\u00e9 zku\u0161enosti se ve v\u00fdrob\u011b raz\u00edtek vyznaj\u00ed a maj\u00ed s nimi velk\u00e9 zku\u0161enosti. Raz\u00edtka vyr\u00e1b\u011bj\u00ed speci\u00e1ln\u00ed technologi\u00ed grav\u00edrov\u00e1n\u00ed na CO2 laseru, kter\u00fd zajist\u00ed dokonalost raz\u00edtka. P\u0159i t\u00e9to v\u00fdrob\u011b m\u00e1 raz\u00edtko perfektn\u00ed \u010ditelnost textu po ora\u017een\u00ed a za nech\u00e1vaj\u00ed kvalitn\u00ed otisk. Firma se v\u011bnuje tak\u00e9 vizitk\u00e1m, se kter\u00fdmi za\u010dali ji\u017e v roce 1992 a vyr\u00e1b\u011bj\u00ed je do dnes.Na internetov\u00fdch str\u00e1nk\u00e1ch t\u00e9to spole\u010dnosti, se m\u016f\u017eete pod\u00edvat na v\u0161echny druhy raz\u00edtek, kter\u00e9 firma prod\u00e1v\u00e1 a tak\u00e9 na ostatn\u00ed v\u011bci. Najdete zde zaj\u00edmavosti o firm\u011b samotn\u00e9 a tak\u00e9 o jejich v\u00fdrob\u011b. Firma prod\u00e1v\u00e1 raz\u00edtka d\u0159ev\u011bn\u00e1, \u0161koln\u00ed, na keramiku, v\u00edcebarevn\u00e1 raz\u00edtka, kancel\u00e1\u0159sk\u00e1 raz\u00edtka Colop a Trodat a mnoho dal\u0161\u00edch. Na mnoho raz\u00edtek, je tak\u00e9 poskytov\u00e1na sleva, d\u00edky kter\u00e9 u\u0161et\u0159\u00edte nemal\u00e9 pen\u00edze. Nejv\u00edce v trendu je nyn\u00ed raz\u00edtko antibakteri\u00e1ln\u00ed, kter\u00e9 je vyrobeno speci\u00e1ln\u00ed technologi\u00ed. D\u00edky t\u00e9to technologii nez\u016fst\u00e1vaj\u00ed na raz\u00edtku viry, ani bakterie a je tak naprosto bezpe\u010dn\u00e9. Ide\u00e1ln\u00ed volbou je toto raz\u00edtko do kancel\u00e1\u0159e, nebo na vr\u00e1tnici, kde vyu\u017e\u00edv\u00e1 raz\u00edtko v\u00edce lid\u00ed denn\u011b. P\u0159edejdete tak probl\u00e9m\u016fm, kter\u00e9 mohou vzniknout.Pokud tedy m\u00e1te ve sv\u00e9 kancel\u00e1\u0159i kolegy, kte\u0159\u00ed nevrac\u00ed raz\u00edtka na sv\u00e9 m\u00edsto, tak nev\u00e1hejte a objednejte si nov\u00e9. Nejen, \u017ee budete m\u00edt raz\u00edtek dostatek, ale tak\u00e9 V\u00e1m nebude vadit, kdy\u017e si n\u011bkdo n\u011bjak\u00e9 p\u016fj\u010d\u00ed.                                                                                                                                                                                                                                                                                                                                                                                         4.5\/5 - (4 votes)        "},{"@context":"https:\/\/schema.org\/","@type":"BreadcrumbList","itemListElement":[{"@type":"ListItem","position":1,"name":"V\u00fdroba a prodej raz\u00edtek","item":"https:\/\/www.svey.cz\/vyroba-a-prodej-razitek\/#breadcrumbitem"}]}]