[{"@context":"https:\/\/schema.org\/","@type":"Article","@id":"https:\/\/www.svey.cz\/vyuzijte-kazdy-kousek-prostoru-v-interieru\/#Article","mainEntityOfPage":"https:\/\/www.svey.cz\/vyuzijte-kazdy-kousek-prostoru-v-interieru\/","headline":"Vyu\u017eijte ka\u017ed\u00fd kousek prostoru v interi\u00e9ru","name":"Vyu\u017eijte ka\u017ed\u00fd kousek prostoru v interi\u00e9ru","description":"Za\u0159izov\u00e1n\u00ed bytu \u010di domu pat\u0159\u00ed k nejobl\u00edben\u011bj\u0161\u00edm \u010dinnostem nejen \u017een, ale tak\u00e9 mu\u017e\u016f. Zat\u00edm co \u017eeny se staraj\u00ed o tu estetickou \u010d\u00e1st, mu\u017ei \u0159e\u0161\u00ed tu praktickou a sna\u017e\u00ed se vyhov\u011bt i p\u0159edstav\u00e1m \u017een. Za\u0159\u00edzen\u00ed interi\u00e9ru je toti\u017e tou nejd\u016fle\u017eit\u011bj\u0161\u00ed sou\u010d\u00e1st\u00ed bydlen\u00ed, proto\u017ee tvo\u0159\u00ed vlastn\u011b j\u00e1dro va\u0161eho domova.Aby v\u0161e sed\u011blo jak m\u00e1, \u017e\u00e1dn\u00fd kousek m\u00edsta nevy\u0161el nazmar a je\u0161t\u011b jste z\u00edskali &hellip; ","datePublished":"2018-07-20","dateModified":"2018-07-20","author":{"@type":"Person","@id":"https:\/\/www.svey.cz\/author\/#Person","name":"svey.cz","url":"https:\/\/www.svey.cz\/author\/","identifier":1,"image":{"@type":"ImageObject","@id":"https:\/\/secure.gravatar.com\/avatar\/0c4621640b5c0734669aeb181ef77969b528487727344f28e734a206566ea0f1?s=96&d=mm&r=g","url":"https:\/\/secure.gravatar.com\/avatar\/0c4621640b5c0734669aeb181ef77969b528487727344f28e734a206566ea0f1?s=96&d=mm&r=g","height":96,"width":96}},"publisher":{"@type":"Organization","name":"svey.cz","logo":{"@type":"ImageObject","@id":"\/logo.png","url":"\/logo.png","width":600,"height":60}},"image":{"@type":"ImageObject","@id":"https:\/\/www.svey.cz\/wp-content\/uploads\/img_a320211_w1765_t1531421135.jpg","url":"https:\/\/www.svey.cz\/wp-content\/uploads\/img_a320211_w1765_t1531421135.jpg","height":0,"width":0},"url":"https:\/\/www.svey.cz\/vyuzijte-kazdy-kousek-prostoru-v-interieru\/","about":["D\u016fm a byt"],"wordCount":407,"articleBody":" Za\u0159izov\u00e1n\u00ed bytu \u010di domu pat\u0159\u00ed k nejobl\u00edben\u011bj\u0161\u00edm \u010dinnostem nejen \u017een, ale tak\u00e9 mu\u017e\u016f. Zat\u00edm co \u017eeny se staraj\u00ed o tu estetickou \u010d\u00e1st, mu\u017ei \u0159e\u0161\u00ed tu praktickou a sna\u017e\u00ed se vyhov\u011bt i p\u0159edstav\u00e1m \u017een. Za\u0159\u00edzen\u00ed interi\u00e9ru je toti\u017e tou nejd\u016fle\u017eit\u011bj\u0161\u00ed sou\u010d\u00e1st\u00ed bydlen\u00ed, proto\u017ee tvo\u0159\u00ed vlastn\u011b j\u00e1dro va\u0161eho domova.Aby v\u0161e sed\u011blo jak m\u00e1, \u017e\u00e1dn\u00fd kousek m\u00edsta nevy\u0161el nazmar a je\u0161t\u011b jste z\u00edskali i dostatek \u00falo\u017en\u00fdch prostor\u016f, tak pro spln\u011bn\u00ed t\u011bchto p\u0159edstav jsou nejlep\u0161\u00edm n\u00e1padem vestav\u011bn\u00e9 sk\u0159\u00edn\u011b na m\u00edru Praha. Pln\u00ed funkci nejen praktickou, ale tak\u00e9 estetickou a t\u00edm p\u00e1dem vytv\u00e1\u0159\u00ed zaj\u00edmav\u00fd design interi\u00e9ru.Jejich \u0159e\u0161en\u00ed je obl\u00edben\u00e9 hlavn\u011b z toho d\u016fvodu, \u017ee nejsou pouh\u00fdm n\u00e1bytkem, ale doslova spojen\u00e9 s ka\u017edou \u010d\u00e1st\u00ed interi\u00e9ru a skv\u011ble do prost\u0159ed\u00ed zapadaj\u00ed. A to i proto, \u017ee d\u00edky nim vyu\u017eijete ka\u017ed\u00fd kousek m\u00edsta a \u017e\u00e1dn\u00e1 \u010d\u00e1st nebude zbyte\u010dn\u00e1. Tradi\u010dn\u00ed kousky n\u00e1bytku jsou obvykle prvky, kter\u00e9 m\u016f\u017eou v mal\u00e9m prostoru i p\u0159ek\u00e1\u017eet a nam\u00edsto pln\u011bn\u00ed sv\u00e9ho \u00fa\u010delu naru\u0161uj\u00ed design interi\u00e9ru a je\u0161t\u011b neposkytuj\u00ed dostatek \u00falo\u017en\u00fdch prostor.Vestav\u011bn\u00e9 sk\u0159\u00edn\u011b na m\u00edru Praha pln\u00ed sv\u016fj \u00fa\u010del ka\u017ed\u00fdm coulem a to p\u0159edev\u0161\u00edm prostorov\u011b. Z\u00edsk\u00e1te spoustu \u00falo\u017en\u00e9ho prostoru od stropu a\u017e k podlaze a zapoj\u00ed se do sou\u010d\u00e1sti i ten nejmen\u0161\u00ed koutek ve va\u0161em byt\u011b \u010di dom\u011b.I volba celkov\u00e9ho designu bude podle va\u0161ich p\u0159edstav, proto\u017ee z\u00edsk\u00e1te r\u016fzn\u00e9 mo\u017enosti, kter\u00e9 se p\u0159izp\u016fsob\u00ed va\u0161im po\u017eadavk\u016fm.  M\u016f\u017eete si vybrat design cel\u00fd ze d\u0159eva, v kombinaci se sklem, zrcadly i s kovov\u00fdmi prvky. Praktick\u00e9 otev\u00edr\u00e1n\u00ed rovn\u011b\u017e nenab\u00edz\u00ed pouze jednu variantu, ale hned n\u011bkolik a sice: \u00b7 skl\u00e1dac\u00ed \u00b7 posuvn\u00e9 \u00b7 pantov\u00e9 \u00b7 otev\u00edrac\u00edK realizaci tohoto typu \u0159e\u0161en\u00ed n\u00e1bytku je pot\u0159ebn\u00e9 zn\u00e1t rozm\u011bry prostoru, \u00fa\u010del vyu\u017eit\u00ed a p\u0159edstavy celkov\u00e9ho proveden\u00ed a designu. Nejen venkovn\u00ed design si m\u016f\u017eete vybrat sami, ale tak\u00e9 vnit\u0159n\u00ed \u0159e\u0161en\u00ed a to od polic, z\u00e1v\u011bsn\u00fdch syst\u00e9m\u016f a\u017e po \u0161upl\u00edky a podobn\u011b.                                                                                                                                                                                                                                                                                                                                                                                         3.8\/5 - (17 votes)        "},{"@context":"https:\/\/schema.org\/","@type":"BreadcrumbList","itemListElement":[{"@type":"ListItem","position":1,"name":"Vyu\u017eijte ka\u017ed\u00fd kousek prostoru v interi\u00e9ru","item":"https:\/\/www.svey.cz\/vyuzijte-kazdy-kousek-prostoru-v-interieru\/#breadcrumbitem"}]}]