[{"@context":"https:\/\/schema.org\/","@type":"Article","@id":"https:\/\/www.svey.cz\/vyuzijte-prirodni-pomoc-v-menopauze\/#Article","mainEntityOfPage":"https:\/\/www.svey.cz\/vyuzijte-prirodni-pomoc-v-menopauze\/","headline":"Vyu\u017eijte p\u0159\u00edrodn\u00ed pomoc v\u00a0menopauze","name":"Vyu\u017eijte p\u0159\u00edrodn\u00ed pomoc v\u00a0menopauze","description":"Bl\u00ed\u017e\u00ed se va\u0161e pades\u00e1tka? Za\u010d\u00edn\u00e1te poci\u0165ovat prvn\u00ed p\u0159\u00edznaky takzvan\u00e9ho p\u0159echodu, co\u017e je vlastn\u011b klimakterium, o n\u011bm\u017e se mluv\u00ed jako o n\u011bjak\u00e9m stra\u0161\u00e1k\u016f a z n\u011bho\u017e u\u017e dop\u0159edu m\u00e1te obavu? Va\u0161e t\u011blo dozn\u00e1v\u00e1 ur\u010dit\u00fdch zm\u011bn. Nap\u0159\u00edklad se zakulacuje tam, kde pr\u00e1v\u011b nechcete. M\u00e1te pocit, \u017ee va\u0161e vlasy, poko\u017eka, nehty\u2026 jsou n\u00e1hle n\u011bjak\u00e9 k\u0159eh\u010d\u00ed, v\u00edce se l\u00e1mou a \u0161t\u011bp\u00ed a nav\u00edc se &hellip; ","datePublished":"2025-03-04","dateModified":"2025-03-04","author":{"@type":"Person","@id":"https:\/\/www.svey.cz\/author\/#Person","name":"svey.cz","url":"https:\/\/www.svey.cz\/author\/","identifier":1,"image":{"@type":"ImageObject","@id":"https:\/\/secure.gravatar.com\/avatar\/0c4621640b5c0734669aeb181ef77969b528487727344f28e734a206566ea0f1?s=96&d=mm&r=g","url":"https:\/\/secure.gravatar.com\/avatar\/0c4621640b5c0734669aeb181ef77969b528487727344f28e734a206566ea0f1?s=96&d=mm&r=g","height":96,"width":96}},"publisher":{"@type":"Organization","name":"svey.cz","logo":{"@type":"ImageObject","@id":"\/logo.png","url":"\/logo.png","width":600,"height":60}},"url":"https:\/\/www.svey.cz\/vyuzijte-prirodni-pomoc-v-menopauze\/","wordCount":184,"articleBody":"Bl\u00ed\u017e\u00ed se va\u0161e pades\u00e1tka? Za\u010d\u00edn\u00e1te poci\u0165ovat prvn\u00ed p\u0159\u00edznaky takzvan\u00e9ho p\u0159echodu, co\u017e je vlastn\u011b klimakterium, o n\u011bm\u017e se mluv\u00ed jako o n\u011bjak\u00e9m stra\u0161\u00e1k\u016f a z n\u011bho\u017e u\u017e dop\u0159edu m\u00e1te obavu? Va\u0161e t\u011blo dozn\u00e1v\u00e1 ur\u010dit\u00fdch zm\u011bn. Nap\u0159\u00edklad se zakulacuje tam, kde pr\u00e1v\u011b nechcete. M\u00e1te pocit, \u017ee va\u0161e vlasy, poko\u017eka, nehty\u2026 jsou n\u00e1hle n\u011bjak\u00e9 k\u0159eh\u010d\u00ed, v\u00edce se l\u00e1mou a \u0161t\u011bp\u00ed a nav\u00edc se nec\u00edt\u00edte tak dob\u0159e jak byste cht\u011bli. \u00danava, n\u00e1ladovost, pocity horka. Co s t\u00edm? Jak p\u0159ekonat v\u0161echny tyto probl\u00e9my, kter\u00e9 p\u0159in\u00e1\u0161\u00ed klimakterium bez v\u011bt\u0161\u00edch obt\u00ed\u017e\u00ed? Poj\u010fte si k n\u00e1m pro radu a pomoc M\u00e1me pro v\u00e1s jeden typ. Objevte n\u00e1\u0161 unik\u00e1tn\u00ed prepar\u00e1t, kter\u00fd je ryze p\u0159\u00edrodn\u00ed, neobsahuje \u017e\u00e1dn\u00e9 um\u011bl\u00e9 hormony ani chemick\u00e9 p\u0159\u00edsady, ale zcela jist\u011b jej\u00edch p\u016fsoben\u00ed nahrad\u00ed a va\u0161e klimakterium se spont\u00e1nn\u011b uprav\u00ed.                                                                                                                                                                                                                                                                                                                                                                                        4\/5 - (1 vote)        "},{"@context":"https:\/\/schema.org\/","@type":"BreadcrumbList","itemListElement":[{"@type":"ListItem","position":1,"name":"Vyu\u017eijte p\u0159\u00edrodn\u00ed pomoc v\u00a0menopauze","item":"https:\/\/www.svey.cz\/vyuzijte-prirodni-pomoc-v-menopauze\/#breadcrumbitem"}]}]