[{"@context":"https:\/\/schema.org\/","@type":"Article","@id":"https:\/\/www.svey.cz\/zmeny-v-legislative-ktere-se-podnikatelum-nelibi-a-nejradeji-by-je-zrusili\/#Article","mainEntityOfPage":"https:\/\/www.svey.cz\/zmeny-v-legislative-ktere-se-podnikatelum-nelibi-a-nejradeji-by-je-zrusili\/","headline":"Zm\u011bny v legislativ\u011b, kter\u00e9 se podnikatel\u016fm nel\u00edb\u00ed, a nejrad\u011bji by je zru\u0161ili","name":"Zm\u011bny v legislativ\u011b, kter\u00e9 se podnikatel\u016fm nel\u00edb\u00ed, a nejrad\u011bji by je zru\u0161ili","description":"Nav\u00fd\u0161en\u00ed z\u00e1kladu nemocensk\u00fdch d\u00e1vek pro dlouhodob\u011b nemocn\u00e9 Do t\u0159iceti kalend\u00e1\u0159n\u00edch dn\u016f bude platit st\u00e1vaj\u00edc\u00ed vym\u011b\u0159ovac\u00ed z\u00e1klad 60 procent v\u00a0p\u0159\u00edpad\u011b dlouhodob\u00e9 nemoci nebo na\u0159\u00edzen\u00e9 karant\u00e9ny. V\u00a0rozmez\u00ed od 31. dne do 60. dne (kalend\u00e1\u0159n\u00edho) se vym\u011b\u0159ovac\u00ed z\u00e1klad nav\u00fd\u0161\u00ed o 6 procent. Od 61. dne do\u010dasn\u00e9 pracovn\u00ed neschopnosti bude vym\u011b\u0159ovac\u00ed z\u00e1klad nav\u00fd\u0161en na 72%. GDPR Opat\u0159en\u00ed Evropsk\u00e9 unie o ochran\u011b osobn\u00edch \u00fadaj\u016f GDPR &hellip; ","datePublished":"2024-10-09","dateModified":"2024-10-09","author":{"@type":"Person","@id":"https:\/\/www.svey.cz\/author\/#Person","name":"svey.cz","url":"https:\/\/www.svey.cz\/author\/","identifier":1,"image":{"@type":"ImageObject","@id":"https:\/\/secure.gravatar.com\/avatar\/0c4621640b5c0734669aeb181ef77969b528487727344f28e734a206566ea0f1?s=96&d=mm&r=g","url":"https:\/\/secure.gravatar.com\/avatar\/0c4621640b5c0734669aeb181ef77969b528487727344f28e734a206566ea0f1?s=96&d=mm&r=g","height":96,"width":96}},"publisher":{"@type":"Organization","name":"svey.cz","logo":{"@type":"ImageObject","@id":"\/logo.png","url":"\/logo.png","width":600,"height":60}},"image":{"@type":"ImageObject","@id":"https:\/\/www.svey.cz\/wp-content\/uploads\/img_a313429_w2418_t1524165506.jpg","url":"https:\/\/www.svey.cz\/wp-content\/uploads\/img_a313429_w2418_t1524165506.jpg","height":0,"width":0},"url":"https:\/\/www.svey.cz\/zmeny-v-legislative-ktere-se-podnikatelum-nelibi-a-nejradeji-by-je-zrusili\/","about":["Podnik\u00e1n\u00ed"],"wordCount":408,"articleBody":"Nav\u00fd\u0161en\u00ed z\u00e1kladu nemocensk\u00fdch d\u00e1vek pro dlouhodob\u011b nemocn\u00e9Do t\u0159iceti kalend\u00e1\u0159n\u00edch dn\u016f bude platit st\u00e1vaj\u00edc\u00ed vym\u011b\u0159ovac\u00ed z\u00e1klad 60 procent v\u00a0p\u0159\u00edpad\u011b dlouhodob\u00e9 nemoci nebo na\u0159\u00edzen\u00e9 karant\u00e9ny. V\u00a0rozmez\u00ed od 31. dne do 60. dne (kalend\u00e1\u0159n\u00edho) se vym\u011b\u0159ovac\u00ed z\u00e1klad nav\u00fd\u0161\u00ed o 6 procent. Od 61. dne do\u010dasn\u00e9 pracovn\u00ed neschopnosti bude vym\u011b\u0159ovac\u00ed z\u00e1klad nav\u00fd\u0161en na 72%.GDPROpat\u0159en\u00ed Evropsk\u00e9 unie o ochran\u011b osobn\u00edch \u00fadaj\u016f GDPR zas\u00e1hne v\u0161echny podnikatelsk\u00e9 subjekty, kter\u00e9 zpracov\u00e1vaj\u00ed osobn\u00ed data sv\u00fdch klient\u016f. Konkr\u00e9tn\u011b se to t\u00fdk\u00e1 v\u0161ech podnikatel\u016f, kte\u0159\u00ed maj\u00ed alespo\u0148 jednoho zam\u011bstnance, a jejich\u017e klienti jsou mimo jin\u00e9 podnikaj\u00edc\u00ed fyzick\u00e9 osoby.Sn\u00ed\u017een\u00ed maxim\u00e1ln\u00edch v\u00fddaj\u016f u pau\u0161\u00e1l\u016fUplatn\u011bn\u00ed pau\u0161\u00e1ln\u00edch v\u00fddaj\u016f bude nyn\u00ed omezeno v\u00a0maxim\u00e1ln\u00ed hranici na polovinu, tedy ze dvou milion\u016f na rovn\u00fd milion. Pau\u0161\u00e1ly 30% se t\u00fdkaj\u00ed p\u0159\u00edjm\u016f z\u00a0n\u00e1jm\u016f, maxim\u00e1ln\u00ed uznateln\u00fd v\u00fddaj bude v\u00a0tomto p\u0159\u00edpad\u011b 300 tis\u00edc korun. Pau\u0161\u00e1l 60% plat\u00ed pro \u017eivnosti krom\u011b \u0159emesln\u00fdch, s\u00a0maxim\u00e1ln\u00ed v\u00fddajovou \u010d\u00e1stkou 600 tis\u00edc korun. Pau\u0161\u00e1ly 80% zahrnuj\u00ed \u0159emesln\u00e9 \u017eivnosti a zem\u011bd\u011blce a je mo\u017en\u00e9 uplatnit maxim\u00e1ln\u011b 800 tis\u00edc korun. 40% pau\u0161\u00e1l a 400 tis\u00edc korun budou moci uplatnit ostatn\u00ed podnikatel\u00e9, kte\u0159\u00ed nejsou zahrnuti v\u00a0p\u0159edchoz\u00edch skupin\u00e1ch.Stanoven\u00ed o\u0161et\u0159ovn\u00e9hoO\u0161et\u0159ovn\u00e9 bude vypl\u00e1ceno lidem, kte\u0159\u00ed se dlouhodob\u011b v\u011bnuj\u00ed o\u0161et\u0159ovatelsk\u00e9 \u010dinnosti a z\u00e1rove\u0148 nevykon\u00e1vaj\u00ed \u017e\u00e1dn\u00e9 zam\u011bstn\u00e1n\u00ed ani samostatnou v\u00fdd\u011ble\u010dnou \u010dinnost. Znamen\u00e1 to tedy, \u017ee podm\u00ednkou pro vypl\u00e1cen\u00ed je osoba bez p\u0159\u00edjm\u016f z\u00a0pr\u00e1ce, \u010di podnik\u00e1n\u00ed. O\u0161et\u0159ovn\u00e9 se bude hradit 60% vym\u011b\u0159ovac\u00edho denn\u00edho z\u00e1kladu, co\u017e je shodn\u00e1 \u010d\u00e1stka jako u kr\u00e1tkodob\u00e9 nemocensk\u00e9 do 30 dn\u016f. Toto novelizovan\u00e9 opat\u0159en\u00ed za\u010dne platit od \u010dervna 2018.Minim\u00e1ln\u00ed mzdaTa se rok od roku navy\u0161uje a v\u00a0roce 2018 se zv\u00fd\u0161ila o 1200 korun. Minim\u00e1ln\u00ed mzda na hodinu tedy odpov\u00edd\u00e1 \u010d\u00e1stce 73,20 korun, co\u017e je o 7,20 korun v\u00edce. Odpov\u00edd\u00e1 pochopiteln\u011b pr\u00e1ci na pln\u00fd \u00favazek a pracovn\u00ed dob\u011b 40 hodin t\u00fddn\u011b. Navy\u0161uje se tak\u00e9 tzv. zaru\u010den\u00e1 mzda, kter\u00e1 se za posledn\u00ed 4 roky nav\u00fd\u0161ila dokonce \u010dty\u0159ikr\u00e1t. V dob\u011b hospod\u00e1\u0159sk\u00e9 recese to m\u016f\u017ee m\u00edt negativn\u00ed dopad na podnikatele i jejich zam\u011bstnance.                                                                                                                                                                                                                                                                                                                                                                                        4.6\/5 - (9 votes)        "},{"@context":"https:\/\/schema.org\/","@type":"BreadcrumbList","itemListElement":[{"@type":"ListItem","position":1,"name":"Zm\u011bny v legislativ\u011b, kter\u00e9 se podnikatel\u016fm nel\u00edb\u00ed, a nejrad\u011bji by je zru\u0161ili","item":"https:\/\/www.svey.cz\/zmeny-v-legislative-ktere-se-podnikatelum-nelibi-a-nejradeji-by-je-zrusili\/#breadcrumbitem"}]}]